{"id":70311,"date":"2021-08-27T20:10:38","date_gmt":"2021-08-28T01:10:38","guid":{"rendered":"https:\/\/radiowebmx.com\/nota\/?p=70311"},"modified":"2021-08-27T20:10:39","modified_gmt":"2021-08-28T01:10:39","slug":"el-equipo-por-michoacan-llego-para-quedarse-carlos-herrera","status":"publish","type":"post","link":"https:\/\/radiowebmx.com\/nota\/el-equipo-por-michoacan-llego-para-quedarse-carlos-herrera\/","title":{"rendered":"El Equipo por Michoac\u00e1n lleg\u00f3 para quedarse: Carlos Herrera"},"content":{"rendered":"\n<ul class=\"wp-block-list\"><li><strong>El candidato de la triple alianza pidi\u00f3 respaldar el proyecto que uni\u00f3 a tres institutos pol\u00edticos que la conforman y que asegur\u00f3, har\u00e1 la diferencia en el 2024.<\/strong><\/li><\/ul>\n\n\n\n<p>       Morelia, Michoac\u00e1n, a 27 de agosto de 2021.- El Equipo por Michoac\u00e1n no es pasajero, no fue creado para una elecci\u00f3n, lleg\u00f3 para quedarse, asegur\u00f3 Carlos Herrera Tello.<\/p>\n\n\n\n<p>      Fue durante la Primera Plenaria de las Autoridades Electas del Partido de la Revoluci\u00f3n Democr\u00e1tica (PRD) donde Herrera Tello hizo un llamado a la humildad para respaldar un equipo que se form\u00f3 en la Ciudad de M\u00e9xico y har\u00e1 la diferencia en las comicios del 2024.<\/p>\n\n\n\n<p>      &#8220;Si algo aprend\u00ed en estas elecciones es que la gente respald\u00f3 este equipo por millones de personas, y eso nos permite que hoy el Congreso de la Uni\u00f3n tenga un contrapeso y no domine la voluntad de una sola persona&#8221;, se\u00f1al\u00f3.<\/p>\n\n\n\n<p>      Resalt\u00f3 que si la triple alianza permanece unida, como hasta el momento lo ha hecho, todo lo podr\u00e1 conseguir a trav\u00e9s del voto, que es la manifestaci\u00f3n m\u00e1s aut\u00e9ntica del respaldo popular.<\/p>\n\n\n\n<p>     &#8220;Estoy seguro de que cada familia en Michoac\u00e1n anhela estar mejor y muy pronto la militancia perredista asumir\u00e1n ese deber. Nuestra gente espera mucho de ustedes y yo estoy seguro que vamos a estar a la altura&#8221;.<\/p>\n\n\n\n<p>     Para cerrar su participaci\u00f3n, asever\u00f3 que a pesar de que los recursos econ\u00f3micos est\u00e1n centralizados en la Ciudad de M\u00e9xico, el Equipo por Michoac\u00e1n est\u00e1 a la altura de un reto donde &#8220;se utilizar\u00e1n todos sus capacidades, creatividad y valent\u00eda para enfrentar lo que viene&#8221;, concluy\u00f3.<\/p>\n","protected":false},"excerpt":{"rendered":"<p>El candidato de la triple alianza pidi\u00f3 respaldar el proyecto que uni\u00f3 a tres institutos pol\u00edticos que la conforman y que asegur\u00f3, har\u00e1 la diferencia en el 2024. Morelia, Michoac\u00e1n, a 27 de agosto de 2021.- El Equipo por Michoac\u00e1n no es pasajero, no fue creado para una elecci\u00f3n, lleg\u00f3 para quedarse, asegur\u00f3 Carlos Herrera [&hellip;]<\/p>\n","protected":false},"author":2,"featured_media":70312,"comment_status":"closed","ping_status":"closed","sticky":false,"template":"","format":"standard","meta":{"footnotes":""},"categories":[1],"tags":[],"class_list":["post-70311","post","type-post","status-publish","format-standard","has-post-thumbnail","hentry","category-sin-categoria"],"_links":{"self":[{"href":"https:\/\/radiowebmx.com\/nota\/wp-json\/wp\/v2\/posts\/70311","targetHints":{"allow":["GET"]}}],"collection":[{"href":"https:\/\/radiowebmx.com\/nota\/wp-json\/wp\/v2\/posts"}],"about":[{"href":"https:\/\/radiowebmx.com\/nota\/wp-json\/wp\/v2\/types\/post"}],"author":[{"embeddable":true,"href":"https:\/\/radiowebmx.com\/nota\/wp-json\/wp\/v2\/users\/2"}],"replies":[{"embeddable":true,"href":"https:\/\/radiowebmx.com\/nota\/wp-json\/wp\/v2\/comments?post=70311"}],"version-history":[{"count":1,"href":"https:\/\/radiowebmx.com\/nota\/wp-json\/wp\/v2\/posts\/70311\/revisions"}],"predecessor-version":[{"id":70313,"href":"https:\/\/radiowebmx.com\/nota\/wp-json\/wp\/v2\/posts\/70311\/revisions\/70313"}],"wp:featuredmedia":[{"embeddable":true,"href":"https:\/\/radiowebmx.com\/nota\/wp-json\/wp\/v2\/media\/70312"}],"wp:attachment":[{"href":"https:\/\/radiowebmx.com\/nota\/wp-json\/wp\/v2\/media?parent=70311"}],"wp:term":[{"taxonomy":"category","embeddable":true,"href":"https:\/\/radiowebmx.com\/nota\/wp-json\/wp\/v2\/categories?post=70311"},{"taxonomy":"post_tag","embeddable":true,"href":"https:\/\/radiowebmx.com\/nota\/wp-json\/wp\/v2\/tags?post=70311"}],"curies":[{"name":"wp","href":"https:\/\/api.w.org\/{rel}","templated":true}]}}