{"id":70308,"date":"2021-08-27T20:05:19","date_gmt":"2021-08-28T01:05:19","guid":{"rendered":"https:\/\/radiowebmx.com\/nota\/?p=70308"},"modified":"2021-08-27T20:05:20","modified_gmt":"2021-08-28T01:05:20","slug":"legisladores-de-accion-nacional-no-cederan-a-presiones-para-aprobar-leyes-via-fast-track","status":"publish","type":"post","link":"https:\/\/radiowebmx.com\/nota\/legisladores-de-accion-nacional-no-cederan-a-presiones-para-aprobar-leyes-via-fast-track\/","title":{"rendered":"Legisladores de Acci\u00f3n Nacional no ceder\u00e1n a presiones para aprobar leyes v\u00eda fast track"},"content":{"rendered":"\n<p>      El Grupo Parlamentario del\u00a0<strong>Partido Acci\u00f3n Nacional<\/strong>\u00a0no permitir\u00e1 presiones por parte de legisladores de Morena para aprobar leyes sin un an\u00e1lisis previo.<\/p>\n\n\n\n<p>     Los diputados de Acci\u00f3n Nacional manifestaron que en referencia a las \u00faltimas sesiones convocadas se han presentado inconsistencias en el orden del d\u00eda debido a que de \u00faltimo momento se anexan iniciativas de leyes que fueron presentadas recientemente.<\/p>\n\n\n\n<p>     \u201cNo concebimos que en una orden del d\u00eda se anexen tres iniciativas de Ley propuestas por\u00a0<strong>Morena<\/strong>, como son la iniciativa de reforma a la Ley Org\u00e1nica de la Administraci\u00f3n P\u00fablica Estatal, la Ley Estatal de Educaci\u00f3n en el Nivel Medio Superior y la Ley de Gobierno Digital del Estado; que van dirigidas a beneficiar a la pr\u00f3xima administraci\u00f3n estatal que encabezar\u00e1\u00a0<strong>Alfredo Ram\u00edrez Bedolla<\/strong>, cuando hay otras leyes que fueron propuestas desde hace meses y est\u00e1n pendientes de dictaminar en las comisiones, tal es el caso de la Ley Ind\u00edgena Integral para Michoac\u00e1n, presentada por el diputado\u00a0<strong>Arturo Hern\u00e1ndez<\/strong>\u201c, coincidieron.<\/p>\n\n\n\n<p>      Los legisladores panistas recriminaron no haber sido convocados a analizar dichas iniciativas de ley a trav\u00e9s de las comisiones de las que son parte, lo que demuestra que se pretende ejercer una presi\u00f3n hacia los diputados de Acci\u00f3n Nacional para aprobarlas.<\/p>\n\n\n\n<p>     \u201cNo estamos a disposici\u00f3n a lo que digan los legisladores de Morena, quieren sacar todo en fast track, por lo oscurito\u201d, puntualizaron.<\/p>\n\n\n\n<p>     Los legisladores albiazules desmintieron tambi\u00e9n el supuesto acompa\u00f1amiento a otros integrantes de diferentes grupos parlamentarios para solicitar el pago de recursos pendientes; y rechazaron la posibilidad de aprovecharse de los recursos destinados para los trabajadores del Congreso del Estado.<\/p>\n","protected":false},"excerpt":{"rendered":"<p>El Grupo Parlamentario del\u00a0Partido Acci\u00f3n Nacional\u00a0no permitir\u00e1 presiones por parte de legisladores de Morena para aprobar leyes sin un an\u00e1lisis previo. Los diputados de Acci\u00f3n Nacional manifestaron que en referencia a las \u00faltimas sesiones convocadas se han presentado inconsistencias en el orden del d\u00eda debido a que de \u00faltimo momento se anexan iniciativas de leyes [&hellip;]<\/p>\n","protected":false},"author":2,"featured_media":70309,"comment_status":"closed","ping_status":"closed","sticky":false,"template":"","format":"standard","meta":{"footnotes":""},"categories":[1],"tags":[],"class_list":["post-70308","post","type-post","status-publish","format-standard","has-post-thumbnail","hentry","category-sin-categoria"],"_links":{"self":[{"href":"https:\/\/radiowebmx.com\/nota\/wp-json\/wp\/v2\/posts\/70308","targetHints":{"allow":["GET"]}}],"collection":[{"href":"https:\/\/radiowebmx.com\/nota\/wp-json\/wp\/v2\/posts"}],"about":[{"href":"https:\/\/radiowebmx.com\/nota\/wp-json\/wp\/v2\/types\/post"}],"author":[{"embeddable":true,"href":"https:\/\/radiowebmx.com\/nota\/wp-json\/wp\/v2\/users\/2"}],"replies":[{"embeddable":true,"href":"https:\/\/radiowebmx.com\/nota\/wp-json\/wp\/v2\/comments?post=70308"}],"version-history":[{"count":1,"href":"https:\/\/radiowebmx.com\/nota\/wp-json\/wp\/v2\/posts\/70308\/revisions"}],"predecessor-version":[{"id":70310,"href":"https:\/\/radiowebmx.com\/nota\/wp-json\/wp\/v2\/posts\/70308\/revisions\/70310"}],"wp:featuredmedia":[{"embeddable":true,"href":"https:\/\/radiowebmx.com\/nota\/wp-json\/wp\/v2\/media\/70309"}],"wp:attachment":[{"href":"https:\/\/radiowebmx.com\/nota\/wp-json\/wp\/v2\/media?parent=70308"}],"wp:term":[{"taxonomy":"category","embeddable":true,"href":"https:\/\/radiowebmx.com\/nota\/wp-json\/wp\/v2\/categories?post=70308"},{"taxonomy":"post_tag","embeddable":true,"href":"https:\/\/radiowebmx.com\/nota\/wp-json\/wp\/v2\/tags?post=70308"}],"curies":[{"name":"wp","href":"https:\/\/api.w.org\/{rel}","templated":true}]}}