{"id":70298,"date":"2021-08-27T19:45:37","date_gmt":"2021-08-28T00:45:37","guid":{"rendered":"https:\/\/radiowebmx.com\/nota\/?p=70298"},"modified":"2021-08-27T19:45:39","modified_gmt":"2021-08-28T00:45:39","slug":"busca-alfonso-martinez-sumar-esfuerzos-con-focir-para-construir-parque-agroindustrial-en-morelia","status":"publish","type":"post","link":"https:\/\/radiowebmx.com\/nota\/busca-alfonso-martinez-sumar-esfuerzos-con-focir-para-construir-parque-agroindustrial-en-morelia\/","title":{"rendered":"Busca Alfonso Mart\u00ednez sumar esfuerzos con FOCIR para construir Parque Agroindustrial en Morelia"},"content":{"rendered":"\n<p>     Morelia, Michoac\u00e1n, 27 de agosto de 2021.- El alcalde electo de Morelia, Alfonso Mart\u00ednez Alc\u00e1zar, acudi\u00f3 a la Ciudad de M\u00e9xico para expresar ante el director del Fondo de Capitalizaci\u00f3n e Inversi\u00f3n del Sector Rural (FOCIR), Javier Delgado Mendoza, la intenci\u00f3n de trabajar juntos en la construcci\u00f3n de un Parque Agroindustrial en el municipio.<br>     Este acercamiento es un primer paso en el objetivo de cumplir uno de los compromisos de campa\u00f1a, mediante la construcci\u00f3n de un parque que posicione a la capital como un referente econ\u00f3mico regional y as\u00ed generar miles de empleos directos e indirectos para las y los morelianos.<br>     Alfonso Mart\u00ednez record\u00f3 que dicho proyecto fue echado en saco roto por la presente administraci\u00f3n morenista, debido a que inexplicablemente no le dieron seguimiento a las gestiones que comenzaron en el gobierno previo.<br>    Destac\u00f3 que en campa\u00f1a este tema fue una exigencia constante en el c\u00edrculo empresarial y social, por ello se estableci\u00f3 el compromiso de reactivar la construcci\u00f3n de un Parque Agroindustrial y as\u00ed sacar a Morelia del rezago econ\u00f3mico en el que se encuentra.<br>    El alcalde electo se\u00f1al\u00f3 que a partir de la reuni\u00f3n con el titular de FOCIR, se continuar\u00e1n con las gestiones ante las instancias correspondientes en aras de generar recursos y hacer realidad este proyecto.<\/p>\n","protected":false},"excerpt":{"rendered":"<p>Morelia, Michoac\u00e1n, 27 de agosto de 2021.- El alcalde electo de Morelia, Alfonso Mart\u00ednez Alc\u00e1zar, acudi\u00f3 a la Ciudad de M\u00e9xico para expresar ante el director del Fondo de Capitalizaci\u00f3n e Inversi\u00f3n del Sector Rural (FOCIR), Javier Delgado Mendoza, la intenci\u00f3n de trabajar juntos en la construcci\u00f3n de un Parque Agroindustrial en el municipio. Este [&hellip;]<\/p>\n","protected":false},"author":2,"featured_media":70299,"comment_status":"closed","ping_status":"closed","sticky":false,"template":"","format":"standard","meta":{"footnotes":""},"categories":[1],"tags":[],"class_list":["post-70298","post","type-post","status-publish","format-standard","has-post-thumbnail","hentry","category-sin-categoria"],"_links":{"self":[{"href":"https:\/\/radiowebmx.com\/nota\/wp-json\/wp\/v2\/posts\/70298","targetHints":{"allow":["GET"]}}],"collection":[{"href":"https:\/\/radiowebmx.com\/nota\/wp-json\/wp\/v2\/posts"}],"about":[{"href":"https:\/\/radiowebmx.com\/nota\/wp-json\/wp\/v2\/types\/post"}],"author":[{"embeddable":true,"href":"https:\/\/radiowebmx.com\/nota\/wp-json\/wp\/v2\/users\/2"}],"replies":[{"embeddable":true,"href":"https:\/\/radiowebmx.com\/nota\/wp-json\/wp\/v2\/comments?post=70298"}],"version-history":[{"count":1,"href":"https:\/\/radiowebmx.com\/nota\/wp-json\/wp\/v2\/posts\/70298\/revisions"}],"predecessor-version":[{"id":70300,"href":"https:\/\/radiowebmx.com\/nota\/wp-json\/wp\/v2\/posts\/70298\/revisions\/70300"}],"wp:featuredmedia":[{"embeddable":true,"href":"https:\/\/radiowebmx.com\/nota\/wp-json\/wp\/v2\/media\/70299"}],"wp:attachment":[{"href":"https:\/\/radiowebmx.com\/nota\/wp-json\/wp\/v2\/media?parent=70298"}],"wp:term":[{"taxonomy":"category","embeddable":true,"href":"https:\/\/radiowebmx.com\/nota\/wp-json\/wp\/v2\/categories?post=70298"},{"taxonomy":"post_tag","embeddable":true,"href":"https:\/\/radiowebmx.com\/nota\/wp-json\/wp\/v2\/tags?post=70298"}],"curies":[{"name":"wp","href":"https:\/\/api.w.org\/{rel}","templated":true}]}}