{"id":70292,"date":"2021-08-27T19:36:10","date_gmt":"2021-08-28T00:36:10","guid":{"rendered":"https:\/\/radiowebmx.com\/nota\/?p=70292"},"modified":"2021-08-27T19:36:12","modified_gmt":"2021-08-28T00:36:12","slug":"tribunal-electoral-hace-valer-la-voluntad-del-pueblo-de-michoacan-bedolla","status":"publish","type":"post","link":"https:\/\/radiowebmx.com\/nota\/tribunal-electoral-hace-valer-la-voluntad-del-pueblo-de-michoacan-bedolla\/","title":{"rendered":"Tribunal Electoral hace valer la voluntad del pueblo de Michoac\u00e1n: Bedolla"},"content":{"rendered":"\n<p>             Morelia, Michoac\u00e1n, 26 de agosto del 2021.- Despu\u00e9s de que el Tribunal Electoral del Poder Judicial de la Federaci\u00f3n (TEPJF) resolviera las impugnaciones contra la elecci\u00f3n de gobernador en los 24 distritos locales de Michoac\u00e1n, y determinara que no existen argumentos para modificar el resultado de los comicios del 06 de junio, el gobernador electo Alfredo Ram\u00edrez Bedolla celebr\u00f3 que los magistrados est\u00e9n haciendo valer la voluntad del pueblo michoacano.<\/p>\n\n\n\n<p>     Los magistrados resolvieron que la alianza conformada por el PRI-PAN y PRD no present\u00f3 pruebas que lograran acreditar que hubo irregularidades en la elecci\u00f3n de gobernador, tales como embarazo de urnas, violencia generalizada e intervenci\u00f3n de la delincuencia organizada.<\/p>\n\n\n\n<p>     Por lo anterior, Alfredo Ram\u00edrez dijo que al evaluar la elecci\u00f3n de gobernador en cada uno de los 24 distritos locales y declarar improcedentes las impugnaciones, el Tribunal Electoral defini\u00f3 criterios que, en un acto de congruencia, tendr\u00edan que prevalecer en la dictaminaci\u00f3n y resoluci\u00f3n del llamado &#8220;recurso madre&#8221;, ya que est\u00e1 basado en los mismos argumentos declarados infundados por falta de pruebas.<\/p>\n\n\n\n<p>     Ram\u00edrez Bedolla recalc\u00f3 que el pasado 06 de junio las michoacanas y michoacanos, a trav\u00e9s de su voto, manifestaron de manera clara su voluntad de iniciar un proceso de transformaci\u00f3n en Michoac\u00e1n, ya que el estado se encuentra en una aguda crisis financiera y de gobernabilidad, por lo que celebr\u00f3 que en la m\u00e1xima instancia electoral se est\u00e9 haciendo valer su decisi\u00f3n de iniciar un cambio en el estado.<\/p>\n","protected":false},"excerpt":{"rendered":"<p>Morelia, Michoac\u00e1n, 26 de agosto del 2021.- Despu\u00e9s de que el Tribunal Electoral del Poder Judicial de la Federaci\u00f3n (TEPJF) resolviera las impugnaciones contra la elecci\u00f3n de gobernador en los 24 distritos locales de Michoac\u00e1n, y determinara que no existen argumentos para modificar el resultado de los comicios del 06 de junio, el gobernador electo [&hellip;]<\/p>\n","protected":false},"author":2,"featured_media":70293,"comment_status":"closed","ping_status":"closed","sticky":false,"template":"","format":"standard","meta":{"footnotes":""},"categories":[1],"tags":[],"class_list":["post-70292","post","type-post","status-publish","format-standard","has-post-thumbnail","hentry","category-sin-categoria"],"_links":{"self":[{"href":"https:\/\/radiowebmx.com\/nota\/wp-json\/wp\/v2\/posts\/70292","targetHints":{"allow":["GET"]}}],"collection":[{"href":"https:\/\/radiowebmx.com\/nota\/wp-json\/wp\/v2\/posts"}],"about":[{"href":"https:\/\/radiowebmx.com\/nota\/wp-json\/wp\/v2\/types\/post"}],"author":[{"embeddable":true,"href":"https:\/\/radiowebmx.com\/nota\/wp-json\/wp\/v2\/users\/2"}],"replies":[{"embeddable":true,"href":"https:\/\/radiowebmx.com\/nota\/wp-json\/wp\/v2\/comments?post=70292"}],"version-history":[{"count":1,"href":"https:\/\/radiowebmx.com\/nota\/wp-json\/wp\/v2\/posts\/70292\/revisions"}],"predecessor-version":[{"id":70294,"href":"https:\/\/radiowebmx.com\/nota\/wp-json\/wp\/v2\/posts\/70292\/revisions\/70294"}],"wp:featuredmedia":[{"embeddable":true,"href":"https:\/\/radiowebmx.com\/nota\/wp-json\/wp\/v2\/media\/70293"}],"wp:attachment":[{"href":"https:\/\/radiowebmx.com\/nota\/wp-json\/wp\/v2\/media?parent=70292"}],"wp:term":[{"taxonomy":"category","embeddable":true,"href":"https:\/\/radiowebmx.com\/nota\/wp-json\/wp\/v2\/categories?post=70292"},{"taxonomy":"post_tag","embeddable":true,"href":"https:\/\/radiowebmx.com\/nota\/wp-json\/wp\/v2\/tags?post=70292"}],"curies":[{"name":"wp","href":"https:\/\/api.w.org\/{rel}","templated":true}]}}