{"id":70289,"date":"2021-08-27T18:25:42","date_gmt":"2021-08-27T23:25:42","guid":{"rendered":"https:\/\/radiowebmx.com\/nota\/?p=70289"},"modified":"2021-08-27T18:25:43","modified_gmt":"2021-08-27T23:25:43","slug":"no-son-buenos-modos-senala-amlo-a-la-cnte","status":"publish","type":"post","link":"https:\/\/radiowebmx.com\/nota\/no-son-buenos-modos-senala-amlo-a-la-cnte\/","title":{"rendered":"\u201cNo son buenos modos\u201d: se\u00f1ala AMLO a la CNTE"},"content":{"rendered":"\n<p>      El presidente Andr\u00e9s Manuel L\u00f3pez Obrador (<strong>AMLO<\/strong>) manifest\u00f3 que los integrantes de la\u00a0<strong>CNTE<\/strong>, que le impidieron llegar a la conferencia ma\u00f1anera, le faltaron al respecto y si protesta tiene prop\u00f3sitos pol\u00edticos.<\/p>\n\n\n\n<p>      Durante la inauguraci\u00f3n de las instalaciones de la Guardia Nacional, en San Crist\u00f3bal de las Casas,\u00a0<strong>Chiapas<\/strong>, el mandatario dijo que pudo haber pasado a la fuerza y decirle al magisterio disidente: nos vemos el lunes en la<strong>\u00a0Ciudad de M\u00e9xico<\/strong>.<\/p>\n\n\n\n<p>      Sin embargo, esper\u00f3 en su camioneta porque \u201cno son buenos modos, no hay respeto y, adem\u00e1s, siempre los hemos atendido y ellos tienen otros prop\u00f3sitos, entonces, quise protestar\u201d.<\/p>\n\n\n\n<p>      Durante la ma\u00f1ana de este viernes, integrantes de la CNTE bloquearon los accesos a unas instalaciones militares en Tuxtla Guti\u00e9rrez, por lo que el Presidente no puedo encabezar la conferencia ma\u00f1anera ni la reuni\u00f3n del gabinete de seguridad.<\/p>\n\n\n\n<p>       Tras el incidente, el jefe del Ejecutivo continu\u00f3 con su gira por Chiapas, en San Crist\u00f3bal de las Casas encabez\u00f3 la reuni\u00f3n sobre avances del Programa Nacional de Reconstrucci\u00f3n de los sismos de 2017 e inaugur\u00f3 el cuartel de la Guardia Nacional.<\/p>\n\n\n\n<p>      Respecto a las obras por los da\u00f1os de los terremotos, L\u00f3pez Obrador afirm\u00f3 que \u201cla reconstrucci\u00f3n es una obra de arte y se tiene que tener mucho cuidado y eso lleva tiempo, lo entendemos, pero que sea eso el motivo, no la falta de recursos, no el burocratismo, no la desidia, sino que sigamos adelante avanzando\u201d.<\/p>\n","protected":false},"excerpt":{"rendered":"<p>El presidente Andr\u00e9s Manuel L\u00f3pez Obrador (AMLO) manifest\u00f3 que los integrantes de la\u00a0CNTE, que le impidieron llegar a la conferencia ma\u00f1anera, le faltaron al respecto y si protesta tiene prop\u00f3sitos pol\u00edticos. Durante la inauguraci\u00f3n de las instalaciones de la Guardia Nacional, en San Crist\u00f3bal de las Casas,\u00a0Chiapas, el mandatario dijo que pudo haber pasado a [&hellip;]<\/p>\n","protected":false},"author":2,"featured_media":70290,"comment_status":"closed","ping_status":"closed","sticky":false,"template":"","format":"standard","meta":{"footnotes":""},"categories":[1],"tags":[],"class_list":["post-70289","post","type-post","status-publish","format-standard","has-post-thumbnail","hentry","category-sin-categoria"],"_links":{"self":[{"href":"https:\/\/radiowebmx.com\/nota\/wp-json\/wp\/v2\/posts\/70289","targetHints":{"allow":["GET"]}}],"collection":[{"href":"https:\/\/radiowebmx.com\/nota\/wp-json\/wp\/v2\/posts"}],"about":[{"href":"https:\/\/radiowebmx.com\/nota\/wp-json\/wp\/v2\/types\/post"}],"author":[{"embeddable":true,"href":"https:\/\/radiowebmx.com\/nota\/wp-json\/wp\/v2\/users\/2"}],"replies":[{"embeddable":true,"href":"https:\/\/radiowebmx.com\/nota\/wp-json\/wp\/v2\/comments?post=70289"}],"version-history":[{"count":1,"href":"https:\/\/radiowebmx.com\/nota\/wp-json\/wp\/v2\/posts\/70289\/revisions"}],"predecessor-version":[{"id":70291,"href":"https:\/\/radiowebmx.com\/nota\/wp-json\/wp\/v2\/posts\/70289\/revisions\/70291"}],"wp:featuredmedia":[{"embeddable":true,"href":"https:\/\/radiowebmx.com\/nota\/wp-json\/wp\/v2\/media\/70290"}],"wp:attachment":[{"href":"https:\/\/radiowebmx.com\/nota\/wp-json\/wp\/v2\/media?parent=70289"}],"wp:term":[{"taxonomy":"category","embeddable":true,"href":"https:\/\/radiowebmx.com\/nota\/wp-json\/wp\/v2\/categories?post=70289"},{"taxonomy":"post_tag","embeddable":true,"href":"https:\/\/radiowebmx.com\/nota\/wp-json\/wp\/v2\/tags?post=70289"}],"curies":[{"name":"wp","href":"https:\/\/api.w.org\/{rel}","templated":true}]}}