{"id":70286,"date":"2021-08-27T18:14:32","date_gmt":"2021-08-27T23:14:32","guid":{"rendered":"https:\/\/radiowebmx.com\/nota\/?p=70286"},"modified":"2021-08-27T18:14:33","modified_gmt":"2021-08-27T23:14:33","slug":"aprueba-ine-lineamientos-para-revocacion-de-mandato","status":"publish","type":"post","link":"https:\/\/radiowebmx.com\/nota\/aprueba-ine-lineamientos-para-revocacion-de-mandato\/","title":{"rendered":"Aprueba INE lineamientos para revocaci\u00f3n de mandato"},"content":{"rendered":"\n<p>     Tras cuatro horas de discusi\u00f3n, el Consejo General del INE aprob\u00f3 los lineamientos para una revocaci\u00f3n de mandato del Presidente Andr\u00e9s Manuel L\u00f3pez Obrador el pr\u00f3ximo 27 de marzo del 2022.<\/p>\n\n\n\n<p>    En el documento se aclara que, en caso de que el Congreso de la Uni\u00f3n expida la ley reglamentaria, estos lineamientos se modificar\u00e1n para garantizar que sean acordes.<\/p>\n\n\n\n<p>     Los consejeros electorales defendieron la aprobaci\u00f3n de dichos lineamientos, argumentando que ante la omisi\u00f3n del Poder Legislativo ten\u00edan la obligaci\u00f3n de sentar las bases normativas para poder realizar dicho ejercicio.<\/p>\n\n\n\n<p>     Insistieron en que para solicitar 3 mil 843 millones para su ejecuci\u00f3n deb\u00edan elaborar dicho sustento jur\u00eddico, no \u00fanicamente poner un monto en el proyecto de presupuesto.<\/p>\n\n\n\n<p>     &#8220;El INE no pretende legislar ni sustituir al Congreso en sus facultades o atribuciones constitucionales. Podemos afirmar, con la misma convicci\u00f3n que defendemos nuestra autonom\u00eda frente a intromisiones de otros poderes, que respetamos las competencias y atribuciones que establece la divisi\u00f3n de poderes en nuestro sistema democr\u00e1tico&#8221;, argument\u00f3 el presidente del Instituto, Lorenzo C\u00f3rdova.<\/p>\n\n\n\n<p>      El consejero Mart\u00edn Faz advirti\u00f3 que, debido a que dicho instrumento es tan relevante o m\u00e1s que una elecci\u00f3n presidencial, todos los actores que intervienen en su organizaci\u00f3n deben ser en extremo cuidadosos y responsables.<\/p>\n\n\n\n<p>     En los lineamientos se confirma que los partidos no podr\u00e1n participar en la recopilaci\u00f3n de firmas; sin embargo, autoriza que hagan propaganda, aunque con recursos privados, no p\u00fablicos, y podr\u00e1n usar sus tiempos en radio y televisi\u00f3n para ese fin.<\/p>\n\n\n\n<p>     Adem\u00e1s de que s\u00ed habr\u00e1 representantes de estos en las 161 mil casillas que prev\u00e9n instalar, lo que no sucedi\u00f3 en la consulta popular del 1 de agosto.<\/p>\n\n\n\n<p>      Representantes de partidos de Oposici\u00f3n exigieron que se prohibiera totalmente la participaci\u00f3n de fuerzas pol\u00edticas, a fin de que sea un proceso ciudadano, pero sus propuestas no pasaron.<\/p>\n\n\n\n<p>       Tambi\u00e9n demandaron que si el INE elabora la pregunta esta sea como establece la Constituci\u00f3n; es decir, dejar claro que se revoca del cargo por la p\u00e9rdida de confianza, pues, advirtieron, Morena y el Mandatario federal buscan &#8220;de manera tramposa&#8221; una frase que contenga la ratificaci\u00f3n en el cargo.<\/p>\n\n\n\n<p>     &#8220;Este ejercicio es ciudadano o no lo es, o hacemos esta revocaci\u00f3n totalmente ciudadana o que los partidos podamos intervenir con todos nuestros derechos y prerrogativas.<\/p>\n\n\n\n<p>     &#8220;El Presidente no entiende que es una prerrogativa de las y los ciudadanos, no es una prerrogativa que tenga a su disposici\u00f3n el Poder Ejecutivo, y mucho menos su partido pol\u00edtico&#8221;, afirm\u00f3 el representante del PRD, \u00c1ngel \u00c1vila.<\/p>\n\n\n\n<p>     El morenista Eur\u00edpides Flores insisti\u00f3 en que el INE quer\u00eda convertirse en el Legislativo, adem\u00e1s de recriminar el monto excesivo que piden para concretar la revocaci\u00f3n, pues, insisti\u00f3, podr\u00eda realizarse con 500 millones como la consulta pasada.<\/p>\n\n\n\n<p>     Ante sus reclamos, C\u00f3rdova le pidi\u00f3 dar un debate informado, pues sus se\u00f1alamientos carec\u00edan de veracidad al comparar, dijo, peras con manzanas.<\/p>\n\n\n\n<p>     El consejero Uuc-Kib Espadas demand\u00f3 al Congreso cumplir con la orden del Tribunal Electoral de elaborar la ley reglamentaria en 30 d\u00edas.<\/p>\n\n\n\n<p>&#8220;No quiero ser parte de la elaboraci\u00f3n de la pregunta, es de las cosas m\u00e1s \u00e1cidas que trae este proceso, no nos toca, es un deber y una carga que corresponde a la Legislatura. Ap\u00e1rtenos ese c\u00e1liz, no queremos reglamentar lo que no es nuestra obligaci\u00f3n, nos vemos forzados a ello, por favor legislen&#8221;, exhort\u00f3.<\/p>\n\n\n\n<p>      En los lineamientos se confirma que la fecha del sondeo ser\u00eda el 27 de marzo del 2022 y no el 20 como propone el Presidente y Morena, al estar cerca el natalicio de Benito Ju\u00e1rez, personaje al que admira L\u00f3pez Obrador.<\/p>\n\n\n\n<p>      Tal como lo establece la Constituci\u00f3n, se confirma que entre la convocatoria -el 12 de enero- y el d\u00eda de la votaci\u00f3n- se suspender\u00e1 la propaganda gubernamental.<\/p>\n\n\n\n<p>     Se mantiene que entre el 1 de noviembre y 15 de diciembre se recopilar\u00e1n las firmas por los ciudadanos interesados, agrupados o de manera individual, a trav\u00e9s de una app autorizada por el INE.<\/p>\n\n\n\n<p>     Despu\u00e9s de revisar las firmas, si se cumple con el 3 por ciento de la Lista Nominal, m\u00e1s de 2 millones 800 mil apoyos, el Instituto emitir\u00e1 la convocatoria el 12 de enero.<\/p>\n\n\n\n<p>     Los ciudadanos interesados en ser promoventes de la revocaci\u00f3n deber\u00e1n acreditarse ante el Instituto entre el 1 y 26 de octubre del 2021.<\/p>\n","protected":false},"excerpt":{"rendered":"<p>Tras cuatro horas de discusi\u00f3n, el Consejo General del INE aprob\u00f3 los lineamientos para una revocaci\u00f3n de mandato del Presidente Andr\u00e9s Manuel L\u00f3pez Obrador el pr\u00f3ximo 27 de marzo del 2022. En el documento se aclara que, en caso de que el Congreso de la Uni\u00f3n expida la ley reglamentaria, estos lineamientos se modificar\u00e1n para [&hellip;]<\/p>\n","protected":false},"author":2,"featured_media":70287,"comment_status":"closed","ping_status":"closed","sticky":false,"template":"","format":"standard","meta":{"footnotes":""},"categories":[1],"tags":[],"class_list":["post-70286","post","type-post","status-publish","format-standard","has-post-thumbnail","hentry","category-sin-categoria"],"_links":{"self":[{"href":"https:\/\/radiowebmx.com\/nota\/wp-json\/wp\/v2\/posts\/70286","targetHints":{"allow":["GET"]}}],"collection":[{"href":"https:\/\/radiowebmx.com\/nota\/wp-json\/wp\/v2\/posts"}],"about":[{"href":"https:\/\/radiowebmx.com\/nota\/wp-json\/wp\/v2\/types\/post"}],"author":[{"embeddable":true,"href":"https:\/\/radiowebmx.com\/nota\/wp-json\/wp\/v2\/users\/2"}],"replies":[{"embeddable":true,"href":"https:\/\/radiowebmx.com\/nota\/wp-json\/wp\/v2\/comments?post=70286"}],"version-history":[{"count":1,"href":"https:\/\/radiowebmx.com\/nota\/wp-json\/wp\/v2\/posts\/70286\/revisions"}],"predecessor-version":[{"id":70288,"href":"https:\/\/radiowebmx.com\/nota\/wp-json\/wp\/v2\/posts\/70286\/revisions\/70288"}],"wp:featuredmedia":[{"embeddable":true,"href":"https:\/\/radiowebmx.com\/nota\/wp-json\/wp\/v2\/media\/70287"}],"wp:attachment":[{"href":"https:\/\/radiowebmx.com\/nota\/wp-json\/wp\/v2\/media?parent=70286"}],"wp:term":[{"taxonomy":"category","embeddable":true,"href":"https:\/\/radiowebmx.com\/nota\/wp-json\/wp\/v2\/categories?post=70286"},{"taxonomy":"post_tag","embeddable":true,"href":"https:\/\/radiowebmx.com\/nota\/wp-json\/wp\/v2\/tags?post=70286"}],"curies":[{"name":"wp","href":"https:\/\/api.w.org\/{rel}","templated":true}]}}