{"id":70277,"date":"2021-08-25T18:09:00","date_gmt":"2021-08-25T23:09:00","guid":{"rendered":"https:\/\/radiowebmx.com\/nota\/?p=70277"},"modified":"2021-08-25T18:09:02","modified_gmt":"2021-08-25T23:09:02","slug":"equipos-de-silvano-y-bedolla-se-reunen-para-avanzar-entrega-recepcion","status":"publish","type":"post","link":"https:\/\/radiowebmx.com\/nota\/equipos-de-silvano-y-bedolla-se-reunen-para-avanzar-entrega-recepcion\/","title":{"rendered":"Equipos de Silvano y Bedolla se re\u00fanen para avanzar entrega-recepci\u00f3n"},"content":{"rendered":"\n<p>    Se acerca el cambio de administraci\u00f3n estatal y avanza el proceso de entrega-recepci\u00f3n entre los equipos de trabajo del actual gobernador Silvano Aureoles Conejo y del pr\u00f3ximo mandatario estatal Alfredo Ram\u00edrez Bedolla.<\/p>\n\n\n\n<p>    Este martes, Francisco Huergo Maurin y Wilfrido Machado, coordinador y secretario t\u00e9cnico de la Comisi\u00f3n de Entrega, respectivamente, se reunieron con Isidoro Ruiz Arg\u00e1iz y Juan Carlos Oseguera, coordinador y secretario t\u00e9cnico de la Comisi\u00f3n de Recepci\u00f3n para seguir la continuidad del proceso.<\/p>\n\n\n\n<p>    Los responsables de estas comisiones acordaron que en la pr\u00f3xima junta se presentar\u00e1 un programa de trabajo en el que tambi\u00e9n se definan las \u00e1reas prioritarias para iniciar el proceso administrativo de renovaci\u00f3n del gobierno estatal.<\/p>\n\n\n\n<p>     Al final, se determin\u00f3 que las Comisiones de Entrega-Recepci\u00f3n sesionar\u00e1n semanalmente para revisar los avances del proceso administrativo en cada una de las dependencias del gobierno estatal.<\/p>\n","protected":false},"excerpt":{"rendered":"<p>Se acerca el cambio de administraci\u00f3n estatal y avanza el proceso de entrega-recepci\u00f3n entre los equipos de trabajo del actual gobernador Silvano Aureoles Conejo y del pr\u00f3ximo mandatario estatal Alfredo Ram\u00edrez Bedolla. Este martes, Francisco Huergo Maurin y Wilfrido Machado, coordinador y secretario t\u00e9cnico de la Comisi\u00f3n de Entrega, respectivamente, se reunieron con Isidoro Ruiz [&hellip;]<\/p>\n","protected":false},"author":2,"featured_media":70278,"comment_status":"closed","ping_status":"closed","sticky":false,"template":"","format":"standard","meta":{"footnotes":""},"categories":[1],"tags":[],"class_list":["post-70277","post","type-post","status-publish","format-standard","has-post-thumbnail","hentry","category-sin-categoria"],"_links":{"self":[{"href":"https:\/\/radiowebmx.com\/nota\/wp-json\/wp\/v2\/posts\/70277","targetHints":{"allow":["GET"]}}],"collection":[{"href":"https:\/\/radiowebmx.com\/nota\/wp-json\/wp\/v2\/posts"}],"about":[{"href":"https:\/\/radiowebmx.com\/nota\/wp-json\/wp\/v2\/types\/post"}],"author":[{"embeddable":true,"href":"https:\/\/radiowebmx.com\/nota\/wp-json\/wp\/v2\/users\/2"}],"replies":[{"embeddable":true,"href":"https:\/\/radiowebmx.com\/nota\/wp-json\/wp\/v2\/comments?post=70277"}],"version-history":[{"count":1,"href":"https:\/\/radiowebmx.com\/nota\/wp-json\/wp\/v2\/posts\/70277\/revisions"}],"predecessor-version":[{"id":70279,"href":"https:\/\/radiowebmx.com\/nota\/wp-json\/wp\/v2\/posts\/70277\/revisions\/70279"}],"wp:featuredmedia":[{"embeddable":true,"href":"https:\/\/radiowebmx.com\/nota\/wp-json\/wp\/v2\/media\/70278"}],"wp:attachment":[{"href":"https:\/\/radiowebmx.com\/nota\/wp-json\/wp\/v2\/media?parent=70277"}],"wp:term":[{"taxonomy":"category","embeddable":true,"href":"https:\/\/radiowebmx.com\/nota\/wp-json\/wp\/v2\/categories?post=70277"},{"taxonomy":"post_tag","embeddable":true,"href":"https:\/\/radiowebmx.com\/nota\/wp-json\/wp\/v2\/tags?post=70277"}],"curies":[{"name":"wp","href":"https:\/\/api.w.org\/{rel}","templated":true}]}}