{"id":70274,"date":"2021-08-25T18:01:08","date_gmt":"2021-08-25T23:01:08","guid":{"rendered":"https:\/\/radiowebmx.com\/nota\/?p=70274"},"modified":"2021-08-25T18:01:09","modified_gmt":"2021-08-25T23:01:09","slug":"tepjf-ordena-al-congreso-expedir-ley-reglamentaria-de-revocacion-de-mandato","status":"publish","type":"post","link":"https:\/\/radiowebmx.com\/nota\/tepjf-ordena-al-congreso-expedir-ley-reglamentaria-de-revocacion-de-mandato\/","title":{"rendered":"TEPJF ordena al Congreso expedir Ley Reglamentaria de Revocaci\u00f3n de Mandato"},"content":{"rendered":"\n<p>     Por 6 votos a favor y uno en contra, la Sala Superior del Tribunal Electoral del Poder Judicial de la Federaci\u00f3n (TEPJF) orden\u00f3 al Congreso de la Uni\u00f3n emitir la Ley Reglamentaria de Revocaci\u00f3n de Mandato, debido a la &#8220;omisi\u00f3n absoluta&#8221; que ha cometido, al no cumplir con los tiempos que se impuso para desahogar este tema.<\/p>\n\n\n\n<p>     Los magistrados consideran que la omisi\u00f3n legislativa genera una violaci\u00f3n a la ley electoral por afectar los derechos pol\u00edtico-electorales de la ciudadan\u00eda, que ser\u00eda el participar en la revocaci\u00f3n de mandato como un derecho fundamental.<\/p>\n\n\n\n<p>     Lo anterior luego que Morena se quej\u00f3 por la omisi\u00f3n y por separado lo hicieron, un ciudadano y una organizaci\u00f3n civil.<\/p>\n\n\n\n<p>    Sin embargo, en la cuenta, no se especific\u00f3 una fecha o l\u00edmite para que el Congreso cumpla con esta obligaci\u00f3n.<\/p>\n","protected":false},"excerpt":{"rendered":"<p>Por 6 votos a favor y uno en contra, la Sala Superior del Tribunal Electoral del Poder Judicial de la Federaci\u00f3n (TEPJF) orden\u00f3 al Congreso de la Uni\u00f3n emitir la Ley Reglamentaria de Revocaci\u00f3n de Mandato, debido a la &#8220;omisi\u00f3n absoluta&#8221; que ha cometido, al no cumplir con los tiempos que se impuso para desahogar [&hellip;]<\/p>\n","protected":false},"author":2,"featured_media":70275,"comment_status":"closed","ping_status":"closed","sticky":false,"template":"","format":"standard","meta":{"footnotes":""},"categories":[1],"tags":[],"class_list":["post-70274","post","type-post","status-publish","format-standard","has-post-thumbnail","hentry","category-sin-categoria"],"_links":{"self":[{"href":"https:\/\/radiowebmx.com\/nota\/wp-json\/wp\/v2\/posts\/70274","targetHints":{"allow":["GET"]}}],"collection":[{"href":"https:\/\/radiowebmx.com\/nota\/wp-json\/wp\/v2\/posts"}],"about":[{"href":"https:\/\/radiowebmx.com\/nota\/wp-json\/wp\/v2\/types\/post"}],"author":[{"embeddable":true,"href":"https:\/\/radiowebmx.com\/nota\/wp-json\/wp\/v2\/users\/2"}],"replies":[{"embeddable":true,"href":"https:\/\/radiowebmx.com\/nota\/wp-json\/wp\/v2\/comments?post=70274"}],"version-history":[{"count":1,"href":"https:\/\/radiowebmx.com\/nota\/wp-json\/wp\/v2\/posts\/70274\/revisions"}],"predecessor-version":[{"id":70276,"href":"https:\/\/radiowebmx.com\/nota\/wp-json\/wp\/v2\/posts\/70274\/revisions\/70276"}],"wp:featuredmedia":[{"embeddable":true,"href":"https:\/\/radiowebmx.com\/nota\/wp-json\/wp\/v2\/media\/70275"}],"wp:attachment":[{"href":"https:\/\/radiowebmx.com\/nota\/wp-json\/wp\/v2\/media?parent=70274"}],"wp:term":[{"taxonomy":"category","embeddable":true,"href":"https:\/\/radiowebmx.com\/nota\/wp-json\/wp\/v2\/categories?post=70274"},{"taxonomy":"post_tag","embeddable":true,"href":"https:\/\/radiowebmx.com\/nota\/wp-json\/wp\/v2\/tags?post=70274"}],"curies":[{"name":"wp","href":"https:\/\/api.w.org\/{rel}","templated":true}]}}