{"id":70271,"date":"2021-08-25T17:54:52","date_gmt":"2021-08-25T22:54:52","guid":{"rendered":"https:\/\/radiowebmx.com\/nota\/?p=70271"},"modified":"2021-08-25T17:54:54","modified_gmt":"2021-08-25T22:54:54","slug":"anaya-reta-a-amlo-me-presento-a-declarar-si-acuden-tus-hermanos-ante-el-mismo-juez","status":"publish","type":"post","link":"https:\/\/radiowebmx.com\/nota\/anaya-reta-a-amlo-me-presento-a-declarar-si-acuden-tus-hermanos-ante-el-mismo-juez\/","title":{"rendered":"Anaya reta a AMLO: Me presento a declarar si acuden tus hermanos ante el mismo juez"},"content":{"rendered":"\n<p>      <strong>Ricardo Anaya<\/strong>\u00a0propuso al presidente\u00a0<strong>Andr\u00e9s Manuel L\u00f3pez Obrador<\/strong>\u00a0que \u00e9l se presenta a la audiencia, que tiene este jueves en el\u00a0<a rel=\"noreferrer noopener\" href=\"https:\/\/www.animalpolitico.com\/2021\/08\/fiscalia-cita-ricardo-anaya-red-sobornos-exiliara-amlo\/\" target=\"_blank\">Reclusorio Norte<\/a>, si tambi\u00e9n citan a sus\u00a0<strong>hermanos P\u00edo y Mart\u00edn Jes\u00fas<\/strong>, quienes fueron grabados recibiendo dinero de David Le\u00f3n.<\/p>\n\n\n\n<p>       A trav\u00e9s de un video reto al presidente Andr\u00e9s Manuel L\u00f3pez Obrador a que sus hermanos acudan el mismo d\u00eda, a la misma hora, con el mismo juez y que se les den el mismo trato.<\/p>\n\n\n\n<p>       \u201cVamos a ver qu\u00e9 te parece lo siguiente: yo me presento a declarar, pero que sea el mismo d\u00eda, a la misma hora, ante el mismo juez que tus dos hermanos, P\u00edo y Mart\u00edn L\u00f3pez Obrador, y que nos den exactamente el mismo trato y que se valoren nuestras pruebas de la misma manera\u201d, dijo.<\/p>\n\n\n\n<p>       Anaya le record\u00f3 al presidente que hay videos de sus hermanos\u00a0<strong>recibiendo dinero en efectivo<\/strong>.<\/p>\n\n\n\n<p>     \u201cDe ellos hay videos recibiendo dinero en efectivo, las acusaciones contra m\u00ed son un invento tuyo en la boca de Lozoya, por eso no hay pruebas. O a ver, con toda confianza, Andr\u00e9s Manuel, \u00bfno ser\u00e1 que no puedes proceder en contra de tus dos hermanos porque el dinero que est\u00e1n recibiendo en esos videos en realidad era para ti?\u201d.<\/p>\n\n\n\n<p>       Ante el reto, el presidente\u00a0<strong>Andr\u00e9s Manuel L\u00f3pez Obrador<\/strong>\u00a0calific\u00f3 al excandidato presidencial de \u201cchueco e hip\u00f3crita\u201d; asegur\u00f3 que no se persigue a nadie y que de manera ma\u00f1osa le echa la culpa para buscar protecci\u00f3n.<\/p>\n\n\n\n<p>      \u201cQue \u00e9l haga lo que considere m\u00e1s conveniente y que asuma su responsabilidad. Nada m\u00e1s que le quede muy claro, lo sabe, lo que pasas es chueco e hip\u00f3crita, sabe muy bien que yo no persigo a nadie, yo no soy de malas entra\u00f1as, yo no odio, no soy igual a ello. De manera ma\u00f1osa me echa la culpa para buscar protecci\u00f3n\u201d, dijo.<\/p>\n\n\n\n<p>     Pidi\u00f3 a la Fiscal\u00eda que d\u00e9 a conocer por qu\u00e9 es el citatorio de Anaya para que deje de echarle la culpa y que \u00e9l no quede como autoritario.<\/p>\n\n\n\n<p>      \u201cOjal\u00e1 que la fiscal\u00eda d\u00e9 a conocer por qu\u00e9 es lo del citatorio de Anaya para que no quede en especulaci\u00f3n y va a seguir echando la culpa a m\u00ed. Si la fiscal\u00eda no da a conocer la causa o el Poder Judicial, yo voy a estar insistiendo para que se transparente el proceso\u201d,\u00a0se\u00f1al\u00f3 en su conferencia ma\u00f1anera.<\/p>\n","protected":false},"excerpt":{"rendered":"<p>Ricardo Anaya\u00a0propuso al presidente\u00a0Andr\u00e9s Manuel L\u00f3pez Obrador\u00a0que \u00e9l se presenta a la audiencia, que tiene este jueves en el\u00a0Reclusorio Norte, si tambi\u00e9n citan a sus\u00a0hermanos P\u00edo y Mart\u00edn Jes\u00fas, quienes fueron grabados recibiendo dinero de David Le\u00f3n. A trav\u00e9s de un video reto al presidente Andr\u00e9s Manuel L\u00f3pez Obrador a que sus hermanos acudan el [&hellip;]<\/p>\n","protected":false},"author":2,"featured_media":70272,"comment_status":"closed","ping_status":"closed","sticky":false,"template":"","format":"standard","meta":{"footnotes":""},"categories":[1],"tags":[],"class_list":["post-70271","post","type-post","status-publish","format-standard","has-post-thumbnail","hentry","category-sin-categoria"],"_links":{"self":[{"href":"https:\/\/radiowebmx.com\/nota\/wp-json\/wp\/v2\/posts\/70271","targetHints":{"allow":["GET"]}}],"collection":[{"href":"https:\/\/radiowebmx.com\/nota\/wp-json\/wp\/v2\/posts"}],"about":[{"href":"https:\/\/radiowebmx.com\/nota\/wp-json\/wp\/v2\/types\/post"}],"author":[{"embeddable":true,"href":"https:\/\/radiowebmx.com\/nota\/wp-json\/wp\/v2\/users\/2"}],"replies":[{"embeddable":true,"href":"https:\/\/radiowebmx.com\/nota\/wp-json\/wp\/v2\/comments?post=70271"}],"version-history":[{"count":1,"href":"https:\/\/radiowebmx.com\/nota\/wp-json\/wp\/v2\/posts\/70271\/revisions"}],"predecessor-version":[{"id":70273,"href":"https:\/\/radiowebmx.com\/nota\/wp-json\/wp\/v2\/posts\/70271\/revisions\/70273"}],"wp:featuredmedia":[{"embeddable":true,"href":"https:\/\/radiowebmx.com\/nota\/wp-json\/wp\/v2\/media\/70272"}],"wp:attachment":[{"href":"https:\/\/radiowebmx.com\/nota\/wp-json\/wp\/v2\/media?parent=70271"}],"wp:term":[{"taxonomy":"category","embeddable":true,"href":"https:\/\/radiowebmx.com\/nota\/wp-json\/wp\/v2\/categories?post=70271"},{"taxonomy":"post_tag","embeddable":true,"href":"https:\/\/radiowebmx.com\/nota\/wp-json\/wp\/v2\/tags?post=70271"}],"curies":[{"name":"wp","href":"https:\/\/api.w.org\/{rel}","templated":true}]}}