{"id":70267,"date":"2021-08-23T20:55:37","date_gmt":"2021-08-24T01:55:37","guid":{"rendered":"https:\/\/radiowebmx.com\/nota\/?p=70267"},"modified":"2021-08-23T20:55:39","modified_gmt":"2021-08-24T01:55:39","slug":"la-fiscalia-de-amlo-quiere-que-me-presente-este-jueves-a-una-audiencia-anaya","status":"publish","type":"post","link":"https:\/\/radiowebmx.com\/nota\/la-fiscalia-de-amlo-quiere-que-me-presente-este-jueves-a-una-audiencia-anaya\/","title":{"rendered":"&#8220;La Fiscal\u00eda de AMLO quiere que me presente este jueves a una audiencia&#8221;: Anaya"},"content":{"rendered":"\n<p>      El excandidato presidencial panista Ricardo Anaya insisti\u00f3 este lunes en que el presidente de M\u00e9xico, Andr\u00e9s Manuel L\u00f3pez Obrador, busca &#8216;fregarlo a la mala&#8217;. En un videomensaje publicado en redes sosiclaes, el aspirante presidencial de cara a las elecciones de 2024, revel\u00f3 que luego de que este s\u00e1bado difundi\u00f3 un video en el que acus\u00f3 a L\u00f3pez Obrador de perseguirlo y querer encarcelarlo, recibi\u00f3 ya un citatorio de la Fiscal\u00eda General de la Rep\u00fablica (FGR) para que se presente a comparecer este jueves a una audiencia, la cual iniciar\u00e1 por Zoom pero que finalizar\u00eda en el Reclusorio Norte.<\/p>\n\n\n\n<p>E<strong>ste proceso se inici\u00f3 porque L\u00f3pez Obrador as\u00ed lo orden\u00f3\u201d<\/strong><\/p>\n\n\n\n<p>     Los delitos de los que lo acusan, apunta Anaya, sumar\u00edan 30 a\u00f1os de c\u00e1rcel. Ante lo cual ironiz\u00f3: \u201cmenos mal que no hay persecuci\u00f3n pol\u00edtica y que no es tu fuerte la venganza, Andr\u00e9s Manuel. Si no, imag\u00ednate\u2026\u201d Respecto a la publicaci\u00f3n de L\u00f3pez Obrador en Facebook, en la que le recomend\u00f3 a Anaya presentarse y no preocuparse si es inocente, el panista respondi\u00f3, \u201cClaro que soy inocente, pero por supuesto que no le creo al presidente m\u00e1s mentiroso de la historia. S\u00e9 perfectamente que si entro al reclusorio, no me van a dejar salir. \u00bfC\u00f3mo voy a creer en un juicio justo cuando empiezan por alterar el expediente y cambiar la declaraci\u00f3n de Lozoya para poder acusarme?\u201d.<\/p>\n\n\n\n<p>    Anaya insiste en el video en que la intenci\u00f3n de encarcelarlo es que pierda sus derechos pol\u00edticos, para impedirle ser candidato en 2024, y evitar que siga criticando el desempe\u00f1o del presidente y de su gobierno, pues apunt\u00f3, &#8216;obviamente desde la c\u00e1rcel ser\u00eda imposible seguir publicando videos&#8217;. \u201c\u00a0<strong>Si est\u00e1s con L\u00f3pez Obrador, tienes protecci\u00f3n.<\/strong>\u00a0Ah\u00ed est\u00e1n sus hermanos recibiendo fajos de dinero, los responsables del colapso de la L\u00ednea 12, Bartlett, Irma Er\u00e9ndira y hasta solt\u00f3 a Ovidio, el hijo del Chapo Guzm\u00e1n. Ah, pero si eres su adversario, en 24 horas te mandan un citatorio y te tratan de meter 30 a\u00f1os a la c\u00e1rcel\u201d. Ante lo cual se pregunta: \u201c\u00bfPues en qu\u00e9 pa\u00eds nos estamos convirtiendo?\u201d, apunta Anaya. Ante la presunta persecuci\u00f3n de la que es objeto, Anaya asever\u00f3 que \u201cen tiempos de aut\u00f3cratas como L\u00f3pez Obrador,\u00a0<strong>el exilio es la \u00fanica alternativa<\/strong>\u00a0&#8216;. &#8216;Dejarte encarcelar por un aut\u00f3crata, muchas veces significa perder la batalla\u201d, apunt\u00f3. Finalmente, Anaya reiter\u00f3 que m\u00e1s all\u00e1 de cualquier obst\u00e1culo, seguir\u00e1 luchando por el futuro del pa\u00eds, e insisti\u00f3 en que no se esconder\u00e1 ni huir\u00e1, pues seg\u00fan dice, &#8216;doy la cara y si me exilio es con mucho dolor para poder seguir luchando&#8217;.<\/p>\n","protected":false},"excerpt":{"rendered":"<p>El excandidato presidencial panista Ricardo Anaya insisti\u00f3 este lunes en que el presidente de M\u00e9xico, Andr\u00e9s Manuel L\u00f3pez Obrador, busca &#8216;fregarlo a la mala&#8217;. En un videomensaje publicado en redes sosiclaes, el aspirante presidencial de cara a las elecciones de 2024, revel\u00f3 que luego de que este s\u00e1bado difundi\u00f3 un video en el que acus\u00f3 [&hellip;]<\/p>\n","protected":false},"author":2,"featured_media":70268,"comment_status":"closed","ping_status":"closed","sticky":false,"template":"","format":"standard","meta":{"footnotes":""},"categories":[1],"tags":[],"class_list":["post-70267","post","type-post","status-publish","format-standard","has-post-thumbnail","hentry","category-sin-categoria"],"_links":{"self":[{"href":"https:\/\/radiowebmx.com\/nota\/wp-json\/wp\/v2\/posts\/70267","targetHints":{"allow":["GET"]}}],"collection":[{"href":"https:\/\/radiowebmx.com\/nota\/wp-json\/wp\/v2\/posts"}],"about":[{"href":"https:\/\/radiowebmx.com\/nota\/wp-json\/wp\/v2\/types\/post"}],"author":[{"embeddable":true,"href":"https:\/\/radiowebmx.com\/nota\/wp-json\/wp\/v2\/users\/2"}],"replies":[{"embeddable":true,"href":"https:\/\/radiowebmx.com\/nota\/wp-json\/wp\/v2\/comments?post=70267"}],"version-history":[{"count":1,"href":"https:\/\/radiowebmx.com\/nota\/wp-json\/wp\/v2\/posts\/70267\/revisions"}],"predecessor-version":[{"id":70269,"href":"https:\/\/radiowebmx.com\/nota\/wp-json\/wp\/v2\/posts\/70267\/revisions\/70269"}],"wp:featuredmedia":[{"embeddable":true,"href":"https:\/\/radiowebmx.com\/nota\/wp-json\/wp\/v2\/media\/70268"}],"wp:attachment":[{"href":"https:\/\/radiowebmx.com\/nota\/wp-json\/wp\/v2\/media?parent=70267"}],"wp:term":[{"taxonomy":"category","embeddable":true,"href":"https:\/\/radiowebmx.com\/nota\/wp-json\/wp\/v2\/categories?post=70267"},{"taxonomy":"post_tag","embeddable":true,"href":"https:\/\/radiowebmx.com\/nota\/wp-json\/wp\/v2\/tags?post=70267"}],"curies":[{"name":"wp","href":"https:\/\/api.w.org\/{rel}","templated":true}]}}