{"id":70264,"date":"2021-08-23T20:44:33","date_gmt":"2021-08-24T01:44:33","guid":{"rendered":"https:\/\/radiowebmx.com\/nota\/?p=70264"},"modified":"2021-08-23T20:44:34","modified_gmt":"2021-08-24T01:44:34","slug":"michoacan-no-seguira-aislado-de-la-federacion-participara-activamente-en-la-4t-bedolla","status":"publish","type":"post","link":"https:\/\/radiowebmx.com\/nota\/michoacan-no-seguira-aislado-de-la-federacion-participara-activamente-en-la-4t-bedolla\/","title":{"rendered":"Michoac\u00e1n no seguir\u00e1 aislado de la federaci\u00f3n; participar\u00e1 activamente en la 4T: Bedolla"},"content":{"rendered":"\n<p>     Morelia, Michoac\u00e1n, 23 de agosto del 2021.- El gobernador electo de Michoac\u00e1n, Alfredo Ram\u00edrez Bedolla, inform\u00f3 que se ha reunido con m\u00e1s de 20 funcionarios del Gobierno de M\u00e9xico, por lo que asegur\u00f3 que Michoac\u00e1n no seguir\u00e1 aislado de la federaci\u00f3n, y a partir del 01 de octubre ser\u00e1 parte activa en la agenda de la cuarta transformaci\u00f3n.<\/p>\n\n\n\n<p>      En su conferencia de prensa semanal, Ram\u00edrez Bedolla inform\u00f3 que durante la semana pasada se reuni\u00f3 con el secretario federal de Turismo, Miguel Torruco; con la secretaria de Econom\u00eda Tatiana Clouthier, y gobernadores electos; con el director general de Conagua, Germ\u00e1n Arturo Mart\u00ednez, y con funcionarios de la Secretar\u00eda de Agricultura y Desarrollo Rural.<\/p>\n\n\n\n<p>     A\u00f1adi\u00f3 que con Germ\u00e1n Arturo Mart\u00ednez, director general de Conagua, revisaron la cartera de la Secretar\u00eda de Hacienda y Cr\u00e9dito P\u00fablico para inversi\u00f3n en obra hidr\u00e1ulica, que asciende a mil millones de pesos.<\/p>\n\n\n\n<p>     Refiri\u00f3 que tambi\u00e9n se analiz\u00f3 el tema de la Presa J. M\u00fagica, dado que no ha sido recibida por la Conagua; as\u00ed como el desarrollo de ollas captadoras de agua para la meseta pur\u00e9pecha, siguiendo el ejemplo de Cher\u00e1n y su proyecto del captador pluvial m\u00e1s grande en Am\u00e9rica Latina.<\/p>\n\n\n\n<p>      En reuni\u00f3n con Miguel Torruco, secretario de Turismo, dijo que se revis\u00f3 el tema de la conectividad a\u00e9rea entre Morelia y M\u00e9xico para que los turistas internacionales est\u00e9n conectados con el estado, y tambi\u00e9n se habl\u00f3 sobre los destinos tur\u00edsticos de ciudad para reactivarlos.<\/p>\n\n\n\n<p>      Finalmente, complet\u00f3 que se revis\u00f3 con la Secretar\u00eda de Econom\u00eda el tema de la Agenda 2030, y el plan de reactivaci\u00f3n nacional con apoyo y respaldo a las micro, peque\u00f1as y medianas empresas.<\/p>\n\n\n\n<p>       \u201cCon estas acciones avanzamos y reafirmamos la ruta para colocar a Michoac\u00e1n en la agenda del gobierno de M\u00e9xico. Ya no estaremos aislado de la federaci\u00f3n ni del rumbo del gobierno de la rep\u00fablica\u201d concluy\u00f3 Ram\u00edrez Bedolla.<\/p>\n","protected":false},"excerpt":{"rendered":"<p>Morelia, Michoac\u00e1n, 23 de agosto del 2021.- El gobernador electo de Michoac\u00e1n, Alfredo Ram\u00edrez Bedolla, inform\u00f3 que se ha reunido con m\u00e1s de 20 funcionarios del Gobierno de M\u00e9xico, por lo que asegur\u00f3 que Michoac\u00e1n no seguir\u00e1 aislado de la federaci\u00f3n, y a partir del 01 de octubre ser\u00e1 parte activa en la agenda de [&hellip;]<\/p>\n","protected":false},"author":2,"featured_media":70265,"comment_status":"closed","ping_status":"closed","sticky":false,"template":"","format":"standard","meta":{"footnotes":""},"categories":[1],"tags":[],"class_list":["post-70264","post","type-post","status-publish","format-standard","has-post-thumbnail","hentry","category-sin-categoria"],"_links":{"self":[{"href":"https:\/\/radiowebmx.com\/nota\/wp-json\/wp\/v2\/posts\/70264","targetHints":{"allow":["GET"]}}],"collection":[{"href":"https:\/\/radiowebmx.com\/nota\/wp-json\/wp\/v2\/posts"}],"about":[{"href":"https:\/\/radiowebmx.com\/nota\/wp-json\/wp\/v2\/types\/post"}],"author":[{"embeddable":true,"href":"https:\/\/radiowebmx.com\/nota\/wp-json\/wp\/v2\/users\/2"}],"replies":[{"embeddable":true,"href":"https:\/\/radiowebmx.com\/nota\/wp-json\/wp\/v2\/comments?post=70264"}],"version-history":[{"count":1,"href":"https:\/\/radiowebmx.com\/nota\/wp-json\/wp\/v2\/posts\/70264\/revisions"}],"predecessor-version":[{"id":70266,"href":"https:\/\/radiowebmx.com\/nota\/wp-json\/wp\/v2\/posts\/70264\/revisions\/70266"}],"wp:featuredmedia":[{"embeddable":true,"href":"https:\/\/radiowebmx.com\/nota\/wp-json\/wp\/v2\/media\/70265"}],"wp:attachment":[{"href":"https:\/\/radiowebmx.com\/nota\/wp-json\/wp\/v2\/media?parent=70264"}],"wp:term":[{"taxonomy":"category","embeddable":true,"href":"https:\/\/radiowebmx.com\/nota\/wp-json\/wp\/v2\/categories?post=70264"},{"taxonomy":"post_tag","embeddable":true,"href":"https:\/\/radiowebmx.com\/nota\/wp-json\/wp\/v2\/tags?post=70264"}],"curies":[{"name":"wp","href":"https:\/\/api.w.org\/{rel}","templated":true}]}}