{"id":70262,"date":"2021-08-23T20:41:24","date_gmt":"2021-08-24T01:41:24","guid":{"rendered":"https:\/\/radiowebmx.com\/nota\/?p=70262"},"modified":"2021-08-23T20:41:26","modified_gmt":"2021-08-24T01:41:26","slug":"logos-9","status":"publish","type":"post","link":"https:\/\/radiowebmx.com\/nota\/logos-9\/","title":{"rendered":"LOGOS"},"content":{"rendered":"\n<p><strong>\u00a1Mes<\/strong> <strong>patrio a la vista!<\/strong><\/p>\n\n\n\n<p>\u00a0\u00a0\u00a0\u00a0\u00a0\u00a0\u00a0\u00a0\u00a0\u00a0\u00a0\u00a0\u00a0\u00a0 \u00a0\u00a0\u00a0\u00a0\u00a0<strong> S\u00d3LO MIS CHICHARRONES TRUENAN<\/strong><\/p>\n\n\n\n<p>\u00a0\u00a0\u00a0\u00a0\u00a0\u00a0\u00a0\u00a0\u00a0\u00a0\u00a0\u00a0\u00a0\u00a0\u00a0\u00a0\u00a0\u00a0\u00a0\u00a0\u00a0\u00a0\u00a0\u00a0\u00a0\u00a0\u00a0\u00a0\u00a0\u00a0\u00a0\u00a0\u00a0\u00a0\u00a0\u00a0\u00a0\u00a0\u00a0\u00a0\u00a0\u00a0\u00a0\u00a0\u00a0\u00a0\u00a0\u00a0\u00a0\u00a0\u00a0\u00a0\u00a0<strong>\u00a0\u00a0\u00a0\u00a0\u00a0 Marco Antonio Aguilar Cort\u00e9s<\/strong><\/p>\n\n\n\n<p>&nbsp;&nbsp;&nbsp;&nbsp;&nbsp;&nbsp; Paul Val\u00e9ry (1871-1945), poeta franc\u00e9s generoso, nos hered\u00f3 atractivos conceptos en su \u2018Discurso de la Historia\u2019:<\/p>\n\n\n\n<p>&nbsp;&nbsp;&nbsp;&nbsp;&nbsp;&nbsp; \u201cRecuerdo una peque\u00f1a escena que me refiri\u00f3 el pintor Degas. Me dijo que siendo un ni\u00f1o acompa\u00f1\u00f3 a su madre de visita a la se\u00f1ora Le Bas, viuda de un famoso asamble\u00edsta de la Revoluci\u00f3n Francesa. Terminado el encuentro, la se\u00f1ora Degas se detuvo en seco, conmovida, y se\u00f1al\u00f3 los retratos de Robespierre, de Couthon y de Saint-Just, colgados en la pared; y con grito de horror manifest\u00f3, \u00bfc\u00f3mo, todav\u00eda guarda aqu\u00ed las caras de estos monstruos?\u201d<\/p>\n\n\n\n<p>&nbsp;&nbsp;&nbsp;&nbsp;&nbsp;&nbsp; \u201cC\u00e1llate C\u00e9lestine\u201d, indic\u00f3 la se\u00f1ora Le Bas, \u201cellos eran unos santos\u201d.<\/p>\n\n\n\n<p>&nbsp;&nbsp;&nbsp;&nbsp;&nbsp;&nbsp; Al valorar a esos sujetos de la historia, Val\u00e9ry conceptualiza: \u201cNo entremos al futuro andando hacia atr\u00e1s como los cangrejos\u2026 la historia, casi no nos permite prever, pero asociada a la independencia de esp\u00edritu puede ayudarnos a ver mejor. La historia ense\u00f1a que nuestras querellas intestinas siempre nos han sido fatales\u201d.<\/p>\n\n\n\n<p>&nbsp;&nbsp;&nbsp;&nbsp;&nbsp;&nbsp; La Revoluci\u00f3n Francesa, con sus \u201cmonstruos\u201d y\/o sus \u201csantos\u201d, ha tenido, de una u otra forma, v\u00ednculo con los tres grandes movimientos hist\u00f3ricos de M\u00e9xico: Independencia, Reforma y Revoluci\u00f3n.<\/p>\n\n\n\n<p>&nbsp;&nbsp;&nbsp;&nbsp;&nbsp;&nbsp; La Independencia como inicio de una nueva naci\u00f3n (al dejar de ser colonia de la Nueva Espa\u00f1a para configurar lo que hoy es Estados Unidos Mexicanos) est\u00e1 constituida por ra\u00edces fincadas en los siglos XVI, XVII, XVIII y XIX.<\/p>\n\n\n\n<p>&nbsp;&nbsp;&nbsp;&nbsp;&nbsp;&nbsp; En cada uno de esos siglos siempre hubo seres humanos, en la Nueva Espa\u00f1a, que intentaron su independencia de Espa\u00f1a, comenzando por Hern\u00e1n Cort\u00e9s y sus hijos, y concluyendo con Agust\u00edn de Iturbide y Vicente Guerrero.<\/p>\n\n\n\n<p>&nbsp;&nbsp;&nbsp;&nbsp;&nbsp;&nbsp; Empero, los m\u00e1s destacados personajes en ese largo proceso independentista fueron Miguel Hidalgo y Costilla y Jos\u00e9 Mar\u00eda Morelos y Pav\u00f3n, quienes reconocidos por un sentimiento nacional provocan que a septiembre se le llame el \u201cmes patrio\u201d, incluyendo en el calendario c\u00edvico sus d\u00edas claves: 16 (grito de libertad) y 30 (nacimiento de Morelos).<\/p>\n\n\n\n<p>&nbsp;&nbsp;&nbsp;&nbsp;&nbsp;&nbsp; Se agrega, con justicia, a ese mes, la gesta \u00e9pica de los llamados Ni\u00f1os H\u00e9roes, quienes lucharon contra el ej\u00e9rcito invasor de los Estados Unidos de Am\u00e9rica en el 1847, al robarle a M\u00e9xico m\u00e1s de la mitad de su territorio.<\/p>\n\n\n\n<p>&nbsp;&nbsp;&nbsp;&nbsp;&nbsp;&nbsp; Hidalgo y Morelos, l\u00edderes de hombres, maestros de la acci\u00f3n, formaron parte del pueblo; y, al encabezarlo, lo convirtieron en protagonista de la Historia.<\/p>\n\n\n\n<p>&nbsp;&nbsp;&nbsp;&nbsp;&nbsp;&nbsp; A diferencia de nuestros h\u00e9roes, el presidente Andr\u00e9s Manuel L\u00f3pez Obrador (quien pretende que s\u00f3lo sus chicharrones truenen) toma al \u201cpueblo\u201d exclusivamente como una figura ret\u00f3rica, lo utiliza como paisaje de sus discursos, como un insulso pretexto, no lo admite como sujeto principal de la historia, pues el \u00fanico actor estrella v\u00e1lido, para tama\u00f1o ego\u00edsta, es Amlo.<\/p>\n\n\n\n<p>&nbsp;&nbsp;&nbsp;&nbsp;&nbsp;&nbsp; El Padre de la Patria y el Siervo de la Naci\u00f3n lucharon denodadamente (entre otros prop\u00f3sitos); primero, para que la colonia de la Nueva Espa\u00f1a se independizara de la Corona Espa\u00f1ola, y constituyera una nueva naci\u00f3n; segundo, para obtener la libertad de los seres humanos que habitaban en esa colonia, aboliendo la esclavitud; tercero, para que desaparecieran las castas, ya que todos los humanos (negros, mestizos, mulatos, criollos, blancos) son iguales; y, cuarto, para que se reintegraran enormes terrenos, en manos espa\u00f1olas, a las comunidades ind\u00edgenas.<\/p>\n\n\n\n<p>&nbsp;&nbsp;&nbsp;&nbsp;&nbsp;&nbsp; Agust\u00edn de Iturbide, los espa\u00f1oles y criollos, pod\u00edan aceptar la independencia, pero no la abolici\u00f3n de la esclavitud ni la terminaci\u00f3n de las castas ni la reintegraci\u00f3n de tierras a los pueblos originales, por eso lucharon y vencieron militarmente a Hidalgo y a Morelos.<\/p>\n\n\n\n<p>&nbsp;&nbsp;&nbsp;&nbsp;&nbsp;&nbsp; Y si el 27 de septiembre del 1821 Agust\u00edn de Iturbide, los espa\u00f1oles y criollos, junto con Vicente Guerrero y sus seguidores, levantaron el Acta de la Independencia, fue porque tanto la Constituci\u00f3n de Ballona, primero, y despu\u00e9s la de C\u00e1diz, (constituciones enviadas desde Espa\u00f1a para la Nueva Espa\u00f1a) introdujeron en sus preceptos los cuatro principales postulados de Hidalgo y de Morelos.<\/p>\n\n\n\n<p>&nbsp;&nbsp;&nbsp;&nbsp;&nbsp;&nbsp; Con base en nuestra perspectiva hist\u00f3rica, veamos el futuro de frente como gente responsable, y no de espaldas, como los cangrejos de Val\u00e9ry.<\/p>\n\n\n\n<p>&nbsp;&nbsp;&nbsp;&nbsp;&nbsp;&nbsp; Y al no poder prever completamente el futuro, con esp\u00edritu libre, y no dogm\u00e1tico, decidamos por el mejor porvenir, al no permitirle, a nadie, que genere querellas intestinas entre mexicanos.<\/p>\n","protected":false},"excerpt":{"rendered":"<p>\u00a1Mes patrio a la vista! \u00a0\u00a0\u00a0\u00a0\u00a0\u00a0\u00a0\u00a0\u00a0\u00a0\u00a0\u00a0\u00a0\u00a0 \u00a0\u00a0\u00a0\u00a0\u00a0 S\u00d3LO MIS CHICHARRONES TRUENAN \u00a0\u00a0\u00a0\u00a0\u00a0\u00a0\u00a0\u00a0\u00a0\u00a0\u00a0\u00a0\u00a0\u00a0\u00a0\u00a0\u00a0\u00a0\u00a0\u00a0\u00a0\u00a0\u00a0\u00a0\u00a0\u00a0\u00a0\u00a0\u00a0\u00a0\u00a0\u00a0\u00a0\u00a0\u00a0\u00a0\u00a0\u00a0\u00a0\u00a0\u00a0\u00a0\u00a0\u00a0\u00a0\u00a0\u00a0\u00a0\u00a0\u00a0\u00a0\u00a0\u00a0\u00a0\u00a0\u00a0\u00a0\u00a0 Marco Antonio Aguilar Cort\u00e9s &nbsp;&nbsp;&nbsp;&nbsp;&nbsp;&nbsp; Paul Val\u00e9ry (1871-1945), poeta franc\u00e9s generoso, nos hered\u00f3 atractivos conceptos en su \u2018Discurso de la Historia\u2019: &nbsp;&nbsp;&nbsp;&nbsp;&nbsp;&nbsp; \u201cRecuerdo una peque\u00f1a escena que me refiri\u00f3 el pintor Degas. Me dijo que siendo un ni\u00f1o acompa\u00f1\u00f3 a su madre de [&hellip;]<\/p>\n","protected":false},"author":2,"featured_media":69319,"comment_status":"closed","ping_status":"closed","sticky":false,"template":"","format":"standard","meta":{"footnotes":""},"categories":[1],"tags":[],"class_list":["post-70262","post","type-post","status-publish","format-standard","has-post-thumbnail","hentry","category-sin-categoria"],"_links":{"self":[{"href":"https:\/\/radiowebmx.com\/nota\/wp-json\/wp\/v2\/posts\/70262","targetHints":{"allow":["GET"]}}],"collection":[{"href":"https:\/\/radiowebmx.com\/nota\/wp-json\/wp\/v2\/posts"}],"about":[{"href":"https:\/\/radiowebmx.com\/nota\/wp-json\/wp\/v2\/types\/post"}],"author":[{"embeddable":true,"href":"https:\/\/radiowebmx.com\/nota\/wp-json\/wp\/v2\/users\/2"}],"replies":[{"embeddable":true,"href":"https:\/\/radiowebmx.com\/nota\/wp-json\/wp\/v2\/comments?post=70262"}],"version-history":[{"count":1,"href":"https:\/\/radiowebmx.com\/nota\/wp-json\/wp\/v2\/posts\/70262\/revisions"}],"predecessor-version":[{"id":70263,"href":"https:\/\/radiowebmx.com\/nota\/wp-json\/wp\/v2\/posts\/70262\/revisions\/70263"}],"wp:featuredmedia":[{"embeddable":true,"href":"https:\/\/radiowebmx.com\/nota\/wp-json\/wp\/v2\/media\/69319"}],"wp:attachment":[{"href":"https:\/\/radiowebmx.com\/nota\/wp-json\/wp\/v2\/media?parent=70262"}],"wp:term":[{"taxonomy":"category","embeddable":true,"href":"https:\/\/radiowebmx.com\/nota\/wp-json\/wp\/v2\/categories?post=70262"},{"taxonomy":"post_tag","embeddable":true,"href":"https:\/\/radiowebmx.com\/nota\/wp-json\/wp\/v2\/tags?post=70262"}],"curies":[{"name":"wp","href":"https:\/\/api.w.org\/{rel}","templated":true}]}}