{"id":70249,"date":"2021-08-23T20:08:52","date_gmt":"2021-08-24T01:08:52","guid":{"rendered":"https:\/\/radiowebmx.com\/nota\/?p=70249"},"modified":"2021-08-23T20:08:54","modified_gmt":"2021-08-24T01:08:54","slug":"asiste-bedolla-a-reunion-de-gobernadores-electos-para-reactivar-la-economia","status":"publish","type":"post","link":"https:\/\/radiowebmx.com\/nota\/asiste-bedolla-a-reunion-de-gobernadores-electos-para-reactivar-la-economia\/","title":{"rendered":"Asiste Bedolla a reuni\u00f3n de gobernadores electos para reactivar la econom\u00eda"},"content":{"rendered":"\n<p>     Monterrey, Nuevo Le\u00f3n, 20 de agosto del 2021.- Los gobernadores electos acordaron sumar esfuerzos, y trabajar en coordinaci\u00f3n con la Secretar\u00eda de Econom\u00eda con el prop\u00f3sito de fortalecer las econom\u00edas locales, e impulsar el desarrollo econ\u00f3mico de M\u00e9xico desde las entidades federativas.<\/p>\n\n\n\n<p>     El gobernador electo de Michoac\u00e1n, Alfredo Ram\u00edrez Bedolla, asisti\u00f3 a la reuni\u00f3n convocada por la secretaria de Econom\u00eda, Tatiana Clouthier, con el prop\u00f3sito de revisar las acciones de la Agenda 2030 para el Desarrollo Sostenible, y perfilar pol\u00edticas p\u00fablicas a nivel nacional.<\/p>\n\n\n\n<p>     Ram\u00edrez Bedolla destac\u00f3 que uno de los planteamientos m\u00e1s relevantes fue el de apoyar a las micro, peque\u00f1as y medianas empresas, adem\u00e1s de ofrecer capacitaci\u00f3n a mujeres en el manejo de herramientas digitales.<\/p>\n\n\n\n<p>     A\u00f1adi\u00f3 que los objetivos de la Secretar\u00eda de Econom\u00eda son acordes con los objetivos de su proyecto de gobierno, ya que contempla el fortalecimiento de la econom\u00eda local mediante la promoci\u00f3n de productos Michoacanos, adem\u00e1s de que la digitalizaci\u00f3n del gobierno digital tambi\u00e9n es una tarea estrat\u00e9gica que se llevar\u00e1 a cabo.<\/p>\n\n\n\n<p>      Alfredo Ram\u00edrez afirm\u00f3 que entre los gobernadores electos hay disposici\u00f3n a la colaboraci\u00f3n entre estados, as\u00ed como a la coordinaci\u00f3n con la Secretar\u00eda de Econom\u00eda.<\/p>\n","protected":false},"excerpt":{"rendered":"<p>Monterrey, Nuevo Le\u00f3n, 20 de agosto del 2021.- Los gobernadores electos acordaron sumar esfuerzos, y trabajar en coordinaci\u00f3n con la Secretar\u00eda de Econom\u00eda con el prop\u00f3sito de fortalecer las econom\u00edas locales, e impulsar el desarrollo econ\u00f3mico de M\u00e9xico desde las entidades federativas. El gobernador electo de Michoac\u00e1n, Alfredo Ram\u00edrez Bedolla, asisti\u00f3 a la reuni\u00f3n convocada [&hellip;]<\/p>\n","protected":false},"author":2,"featured_media":70250,"comment_status":"closed","ping_status":"closed","sticky":false,"template":"","format":"standard","meta":{"footnotes":""},"categories":[1],"tags":[],"class_list":["post-70249","post","type-post","status-publish","format-standard","has-post-thumbnail","hentry","category-sin-categoria"],"_links":{"self":[{"href":"https:\/\/radiowebmx.com\/nota\/wp-json\/wp\/v2\/posts\/70249","targetHints":{"allow":["GET"]}}],"collection":[{"href":"https:\/\/radiowebmx.com\/nota\/wp-json\/wp\/v2\/posts"}],"about":[{"href":"https:\/\/radiowebmx.com\/nota\/wp-json\/wp\/v2\/types\/post"}],"author":[{"embeddable":true,"href":"https:\/\/radiowebmx.com\/nota\/wp-json\/wp\/v2\/users\/2"}],"replies":[{"embeddable":true,"href":"https:\/\/radiowebmx.com\/nota\/wp-json\/wp\/v2\/comments?post=70249"}],"version-history":[{"count":1,"href":"https:\/\/radiowebmx.com\/nota\/wp-json\/wp\/v2\/posts\/70249\/revisions"}],"predecessor-version":[{"id":70251,"href":"https:\/\/radiowebmx.com\/nota\/wp-json\/wp\/v2\/posts\/70249\/revisions\/70251"}],"wp:featuredmedia":[{"embeddable":true,"href":"https:\/\/radiowebmx.com\/nota\/wp-json\/wp\/v2\/media\/70250"}],"wp:attachment":[{"href":"https:\/\/radiowebmx.com\/nota\/wp-json\/wp\/v2\/media?parent=70249"}],"wp:term":[{"taxonomy":"category","embeddable":true,"href":"https:\/\/radiowebmx.com\/nota\/wp-json\/wp\/v2\/categories?post=70249"},{"taxonomy":"post_tag","embeddable":true,"href":"https:\/\/radiowebmx.com\/nota\/wp-json\/wp\/v2\/tags?post=70249"}],"curies":[{"name":"wp","href":"https:\/\/api.w.org\/{rel}","templated":true}]}}