{"id":70237,"date":"2021-08-20T13:35:15","date_gmt":"2021-08-20T18:35:15","guid":{"rendered":"https:\/\/radiowebmx.com\/nota\/?p=70237"},"modified":"2021-08-20T13:35:16","modified_gmt":"2021-08-20T18:35:16","slug":"huracan-grace-esta-es-la-trayectoria-y-todos-los-estados-que-afectara","status":"publish","type":"post","link":"https:\/\/radiowebmx.com\/nota\/huracan-grace-esta-es-la-trayectoria-y-todos-los-estados-que-afectara\/","title":{"rendered":"Hurac\u00e1n Grace: Esta es la trayectoria y todos los estados que afectar\u00e1"},"content":{"rendered":"\n<p>      <strong>Grace<\/strong>,\u00a0se intensificar\u00e1 nuevamente a hurac\u00e1n con trayectoria hacia la\u00a0<a rel=\"noreferrer noopener\" href=\"https:\/\/www.eluniversal.com.mx\/tag\/veracruz\" target=\"_blank\">costa norte de Veracruz\u00a0<\/a>y se pronostica un segundo impacto en territorio mexicano durante la noche.\u00a0<\/p>\n\n\n\n<p>     Ocasionar\u00e1 lluvias intensas a torrenciales en zonas noreste y oriente y sureste del pa\u00eds, rachas intensas de viento y oleaje elevado de hasta cinco metros de altura en las costas de Veracruz y de hasta tres metros de altura en Tamaulipas y Tabasco.<\/p>\n\n\n\n<p>     La extensa circulaci\u00f3n de Grace y la interacci\u00f3n con la\u00a0<strong>onda tropical n\u00famero 22<\/strong>\u00a0que recorrer\u00e1 el sureste de M\u00e9xico, propiciar\u00e1 lluvias fuertes a muy fuertes en zonas del centro, sur y sureste del pa\u00eds, incluido el<strong>\u00a0Valle de\u00a0M\u00e9xico<\/strong>.<\/p>\n\n\n\n<p>     Seg\u00fan la Comisi\u00f3n Nacional del Agua (CONAGUA), en el transcurso de este viernes se prev\u00e9 que una vez en tierra, los remanentes de &#8220;Grace&#8221; se desplacen hacia el oeste y surjan sobre el Oc\u00e9ano Pac\u00edfico Oriental en la costa occidental de M\u00e9xico, donde existir\u00edan condiciones favorables para su reintensificaci\u00f3n como depresi\u00f3n tropical.\u00a0<\/p>\n\n\n\n<h2 class=\"wp-block-heading\">Hurac\u00e1n Grace tomar\u00e1 fuerza de nueva cuenta en Veracruz<\/h2>\n\n\n\n<p>     En 24 horas, se pronostican lluvias puntuales torrenciales en Veracruz y Puebla; lluvias puntuales intensas en Tamaulipas, Hidalgo, Tlaxcala, Oaxaca y Chiapas; as\u00ed como lluvias puntuales muy fuertes\u00a0 en Tabasco.<\/p>\n\n\n\n<p>     Permanecen la zona de prevenci\u00f3n por vientos de hurac\u00e1n desde el Puerto de Veracruz, Ver., hasta Cabo Rojo, Ver. Zona de prevenci\u00f3n por efectos de tormenta tropical desde Cabo Rojo, Ver., hasta Barra del Tordo, Tamaulipas.<\/p>\n\n\n\n<p>    Se reporta que el saldo es blanco, sin muertos ni heridos, tras el paso de \u201cGrace\u201d por Campeche, Yucat\u00e1n y Quintana Roo.<\/p>\n","protected":false},"excerpt":{"rendered":"<p>Grace,\u00a0se intensificar\u00e1 nuevamente a hurac\u00e1n con trayectoria hacia la\u00a0costa norte de Veracruz\u00a0y se pronostica un segundo impacto en territorio mexicano durante la noche.\u00a0 Ocasionar\u00e1 lluvias intensas a torrenciales en zonas noreste y oriente y sureste del pa\u00eds, rachas intensas de viento y oleaje elevado de hasta cinco metros de altura en las costas de Veracruz [&hellip;]<\/p>\n","protected":false},"author":2,"featured_media":70238,"comment_status":"closed","ping_status":"closed","sticky":false,"template":"","format":"standard","meta":{"footnotes":""},"categories":[1],"tags":[],"class_list":["post-70237","post","type-post","status-publish","format-standard","has-post-thumbnail","hentry","category-sin-categoria"],"_links":{"self":[{"href":"https:\/\/radiowebmx.com\/nota\/wp-json\/wp\/v2\/posts\/70237","targetHints":{"allow":["GET"]}}],"collection":[{"href":"https:\/\/radiowebmx.com\/nota\/wp-json\/wp\/v2\/posts"}],"about":[{"href":"https:\/\/radiowebmx.com\/nota\/wp-json\/wp\/v2\/types\/post"}],"author":[{"embeddable":true,"href":"https:\/\/radiowebmx.com\/nota\/wp-json\/wp\/v2\/users\/2"}],"replies":[{"embeddable":true,"href":"https:\/\/radiowebmx.com\/nota\/wp-json\/wp\/v2\/comments?post=70237"}],"version-history":[{"count":1,"href":"https:\/\/radiowebmx.com\/nota\/wp-json\/wp\/v2\/posts\/70237\/revisions"}],"predecessor-version":[{"id":70239,"href":"https:\/\/radiowebmx.com\/nota\/wp-json\/wp\/v2\/posts\/70237\/revisions\/70239"}],"wp:featuredmedia":[{"embeddable":true,"href":"https:\/\/radiowebmx.com\/nota\/wp-json\/wp\/v2\/media\/70238"}],"wp:attachment":[{"href":"https:\/\/radiowebmx.com\/nota\/wp-json\/wp\/v2\/media?parent=70237"}],"wp:term":[{"taxonomy":"category","embeddable":true,"href":"https:\/\/radiowebmx.com\/nota\/wp-json\/wp\/v2\/categories?post=70237"},{"taxonomy":"post_tag","embeddable":true,"href":"https:\/\/radiowebmx.com\/nota\/wp-json\/wp\/v2\/tags?post=70237"}],"curies":[{"name":"wp","href":"https:\/\/api.w.org\/{rel}","templated":true}]}}