{"id":70228,"date":"2021-08-19T19:25:50","date_gmt":"2021-08-20T00:25:50","guid":{"rendered":"https:\/\/radiowebmx.com\/nota\/?p=70228"},"modified":"2021-08-19T19:25:52","modified_gmt":"2021-08-20T00:25:52","slug":"rinde-protesta-andrea-cacho-como-presidenta-municipal-provisional-de-ecuandureo","status":"publish","type":"post","link":"https:\/\/radiowebmx.com\/nota\/rinde-protesta-andrea-cacho-como-presidenta-municipal-provisional-de-ecuandureo\/","title":{"rendered":"Rinde protesta Andrea Cacho como presidenta municipal provisional de Ecuandureo"},"content":{"rendered":"\n<p>     Ante el Pleno de la LXXIV Legislatura, Andrea Cacho Cabrera, rindi\u00f3 protesta como presidenta municipal provisional del Ayuntamiento de Ecuandureo, hasta que el titular se encuentre en la posibilidad material y legal de incorporarse a sus funciones.<\/p>\n\n\n\n<p>     Previamente, el Congreso local aprob\u00f3 el dictamen con proyecto de decreto presentado por los diputados de la Comisi\u00f3n de Gobernaci\u00f3n, que preside la diputada Cristina Portillo e integran Irma Berm\u00fadez, Antonio Soto y Omar Carre\u00f3n, por el que se designa a Andrea Cacho Cabrera como presidenta municipal provisional del ayuntamiento de Ecuandureo, toda vez que cumple con los requisitos de elegibilidad previstos por el art\u00edculo 119 de la Constituci\u00f3n Pol\u00edtica del Estado de Michoac\u00e1n.<\/p>\n\n\n\n<p>      El dictamen destaca que ante la licencia por tiempo indefinido presentada por el alcalde electo Jes\u00fas Infante Ayala, y con el prop\u00f3sito de brindar estabilidad al municipio, se atendi\u00f3 a la propuesta formulada por la secretaria general del CDE Estatal del PAN, seg\u00fan lo establece la Ley Org\u00e1nica Municipal, en relaci\u00f3n a respetar el origen partidista para su designaci\u00f3n.<\/p>\n\n\n\n<p>     Asimismo, atendiendo a la paridad de g\u00e9nero como un principio constitucional que se refiere a la participaci\u00f3n equilibrada, justa, y legal, que asegura que al igual que los hombres, las mujeres en toda su diversidad tengan una participaci\u00f3n y representaci\u00f3n igualitaria en la vida democr\u00e1tica de la Entidad.<\/p>\n","protected":false},"excerpt":{"rendered":"<p>Ante el Pleno de la LXXIV Legislatura, Andrea Cacho Cabrera, rindi\u00f3 protesta como presidenta municipal provisional del Ayuntamiento de Ecuandureo, hasta que el titular se encuentre en la posibilidad material y legal de incorporarse a sus funciones. Previamente, el Congreso local aprob\u00f3 el dictamen con proyecto de decreto presentado por los diputados de la Comisi\u00f3n [&hellip;]<\/p>\n","protected":false},"author":2,"featured_media":70229,"comment_status":"closed","ping_status":"closed","sticky":false,"template":"","format":"standard","meta":{"footnotes":""},"categories":[1],"tags":[],"class_list":["post-70228","post","type-post","status-publish","format-standard","has-post-thumbnail","hentry","category-sin-categoria"],"_links":{"self":[{"href":"https:\/\/radiowebmx.com\/nota\/wp-json\/wp\/v2\/posts\/70228","targetHints":{"allow":["GET"]}}],"collection":[{"href":"https:\/\/radiowebmx.com\/nota\/wp-json\/wp\/v2\/posts"}],"about":[{"href":"https:\/\/radiowebmx.com\/nota\/wp-json\/wp\/v2\/types\/post"}],"author":[{"embeddable":true,"href":"https:\/\/radiowebmx.com\/nota\/wp-json\/wp\/v2\/users\/2"}],"replies":[{"embeddable":true,"href":"https:\/\/radiowebmx.com\/nota\/wp-json\/wp\/v2\/comments?post=70228"}],"version-history":[{"count":1,"href":"https:\/\/radiowebmx.com\/nota\/wp-json\/wp\/v2\/posts\/70228\/revisions"}],"predecessor-version":[{"id":70230,"href":"https:\/\/radiowebmx.com\/nota\/wp-json\/wp\/v2\/posts\/70228\/revisions\/70230"}],"wp:featuredmedia":[{"embeddable":true,"href":"https:\/\/radiowebmx.com\/nota\/wp-json\/wp\/v2\/media\/70229"}],"wp:attachment":[{"href":"https:\/\/radiowebmx.com\/nota\/wp-json\/wp\/v2\/media?parent=70228"}],"wp:term":[{"taxonomy":"category","embeddable":true,"href":"https:\/\/radiowebmx.com\/nota\/wp-json\/wp\/v2\/categories?post=70228"},{"taxonomy":"post_tag","embeddable":true,"href":"https:\/\/radiowebmx.com\/nota\/wp-json\/wp\/v2\/tags?post=70228"}],"curies":[{"name":"wp","href":"https:\/\/api.w.org\/{rel}","templated":true}]}}