{"id":70225,"date":"2021-08-19T19:12:35","date_gmt":"2021-08-20T00:12:35","guid":{"rendered":"https:\/\/radiowebmx.com\/nota\/?p=70225"},"modified":"2021-08-19T19:12:37","modified_gmt":"2021-08-20T00:12:37","slug":"comision-permanente-rechaza-nuevamente-periodo-extra-para-revocacion-de-mandato","status":"publish","type":"post","link":"https:\/\/radiowebmx.com\/nota\/comision-permanente-rechaza-nuevamente-periodo-extra-para-revocacion-de-mandato\/","title":{"rendered":"Comisi\u00f3n Permanente rechaza nuevamente periodo extra para revocaci\u00f3n de mandato"},"content":{"rendered":"\n<p>    Por segundo d\u00eda consecutivo la <strong><a rel=\"noreferrer noopener\" href=\"https:\/\/www.excelsior.com.mx\/nacional\/comision-permanente-rechaza-periodo-extraordinario-para-revocacion-de-mandato\/1466730\" target=\"_blank\">Comisi\u00f3n Permanente del Congreso de la Uni\u00f3n\u00a0<\/a><\/strong>rechaz\u00f3 convocar a un periodo extraordinario de sesiones de las C\u00e1maras de Diputados y Senadores para aprobar la Ley Reglamentaria de Revocaci\u00f3n de Mandato.<\/p>\n\n\n\n<p>    No se alcanz\u00f3 la mayor\u00eda calificada, es decir m\u00e1s dos tercios de los votos, por lo que el dictamen se archiva.<\/p>\n\n\n\n<p>   A favor del periodo extraordinario se emitieron 24 votos a favor de Morena, PT, PES y PVEM, y en contra fueron 13 votos de PAN, PRI, PRD y MC.<\/p>\n\n\n\n<p>     Ahora corresponder\u00e1 a la LXV Legislatura, que inicia el 1 de septiembre, elaborar y en su caso, aprobar, un nuevo proyecto de Ley Reglamentaria de la Revocaci\u00f3n de Mandato.<\/p>\n","protected":false},"excerpt":{"rendered":"<p>Por segundo d\u00eda consecutivo la Comisi\u00f3n Permanente del Congreso de la Uni\u00f3n\u00a0rechaz\u00f3 convocar a un periodo extraordinario de sesiones de las C\u00e1maras de Diputados y Senadores para aprobar la Ley Reglamentaria de Revocaci\u00f3n de Mandato. No se alcanz\u00f3 la mayor\u00eda calificada, es decir m\u00e1s dos tercios de los votos, por lo que el dictamen se [&hellip;]<\/p>\n","protected":false},"author":2,"featured_media":70226,"comment_status":"closed","ping_status":"closed","sticky":false,"template":"","format":"standard","meta":{"footnotes":""},"categories":[1],"tags":[],"class_list":["post-70225","post","type-post","status-publish","format-standard","has-post-thumbnail","hentry","category-sin-categoria"],"_links":{"self":[{"href":"https:\/\/radiowebmx.com\/nota\/wp-json\/wp\/v2\/posts\/70225","targetHints":{"allow":["GET"]}}],"collection":[{"href":"https:\/\/radiowebmx.com\/nota\/wp-json\/wp\/v2\/posts"}],"about":[{"href":"https:\/\/radiowebmx.com\/nota\/wp-json\/wp\/v2\/types\/post"}],"author":[{"embeddable":true,"href":"https:\/\/radiowebmx.com\/nota\/wp-json\/wp\/v2\/users\/2"}],"replies":[{"embeddable":true,"href":"https:\/\/radiowebmx.com\/nota\/wp-json\/wp\/v2\/comments?post=70225"}],"version-history":[{"count":1,"href":"https:\/\/radiowebmx.com\/nota\/wp-json\/wp\/v2\/posts\/70225\/revisions"}],"predecessor-version":[{"id":70227,"href":"https:\/\/radiowebmx.com\/nota\/wp-json\/wp\/v2\/posts\/70225\/revisions\/70227"}],"wp:featuredmedia":[{"embeddable":true,"href":"https:\/\/radiowebmx.com\/nota\/wp-json\/wp\/v2\/media\/70226"}],"wp:attachment":[{"href":"https:\/\/radiowebmx.com\/nota\/wp-json\/wp\/v2\/media?parent=70225"}],"wp:term":[{"taxonomy":"category","embeddable":true,"href":"https:\/\/radiowebmx.com\/nota\/wp-json\/wp\/v2\/categories?post=70225"},{"taxonomy":"post_tag","embeddable":true,"href":"https:\/\/radiowebmx.com\/nota\/wp-json\/wp\/v2\/tags?post=70225"}],"curies":[{"name":"wp","href":"https:\/\/api.w.org\/{rel}","templated":true}]}}