{"id":70216,"date":"2021-08-19T15:03:52","date_gmt":"2021-08-19T20:03:52","guid":{"rendered":"https:\/\/radiowebmx.com\/nota\/?p=70216"},"modified":"2021-08-19T15:03:54","modified_gmt":"2021-08-19T20:03:54","slug":"el-periodista-jacinto-romero-es-asesinado-a-balazos-en-veracruz-despliegan-operativo","status":"publish","type":"post","link":"https:\/\/radiowebmx.com\/nota\/el-periodista-jacinto-romero-es-asesinado-a-balazos-en-veracruz-despliegan-operativo\/","title":{"rendered":"El periodista Jacinto Romero es asesinado a balazos en Veracruz; despliegan operativo"},"content":{"rendered":"\n<p>     <strong>El periodista fue atacado por sujetos armados mientras manejaba su autom\u00f3vil Atos a la altura del puente que lleva a unas unidades habitacionales.<\/strong><\/p>\n\n\n\n<p>   Jacinto Romero Flores fue asesinado este jueves a balazos en el municipio de Ixtaczoquitl\u00e1n, en la comunidad Potrerillo, en Veracruz.<\/p>\n\n\n\n<p>     Autoridades locales dieron a conocer que el reportero de la radiodifusora Ori Stereo fue atacado a tiros en la zona monta\u00f1osa central, donde hay una alta incidencia de delitos relacionados con la disputa de bandas del narcotr\u00e1fico.<\/p>\n\n\n\n<p>     Romero Flores, quien cubr\u00eda amplias regiones en zonas serranas, circulaba a bordo de su veh\u00edculo Atos sobre el bulevar Reforma cuando fue atacado con disparos de arma de fuego.<\/p>\n\n\n\n<p>     El Secretario de Seguridad estatal, Hugo Guti\u00e9rrez, inform\u00f3 que se despleg\u00f3 un operativo t\u00e1ctico en la regi\u00f3n centro, tras el homicidio del periodista Jacinto Romero, quien era reportero de la radiodifusora.<\/p>\n","protected":false},"excerpt":{"rendered":"<p>El periodista fue atacado por sujetos armados mientras manejaba su autom\u00f3vil Atos a la altura del puente que lleva a unas unidades habitacionales. Jacinto Romero Flores fue asesinado este jueves a balazos en el municipio de Ixtaczoquitl\u00e1n, en la comunidad Potrerillo, en Veracruz. Autoridades locales dieron a conocer que el reportero de la radiodifusora Ori [&hellip;]<\/p>\n","protected":false},"author":2,"featured_media":70217,"comment_status":"closed","ping_status":"closed","sticky":false,"template":"","format":"standard","meta":{"footnotes":""},"categories":[1],"tags":[],"class_list":["post-70216","post","type-post","status-publish","format-standard","has-post-thumbnail","hentry","category-sin-categoria"],"_links":{"self":[{"href":"https:\/\/radiowebmx.com\/nota\/wp-json\/wp\/v2\/posts\/70216","targetHints":{"allow":["GET"]}}],"collection":[{"href":"https:\/\/radiowebmx.com\/nota\/wp-json\/wp\/v2\/posts"}],"about":[{"href":"https:\/\/radiowebmx.com\/nota\/wp-json\/wp\/v2\/types\/post"}],"author":[{"embeddable":true,"href":"https:\/\/radiowebmx.com\/nota\/wp-json\/wp\/v2\/users\/2"}],"replies":[{"embeddable":true,"href":"https:\/\/radiowebmx.com\/nota\/wp-json\/wp\/v2\/comments?post=70216"}],"version-history":[{"count":1,"href":"https:\/\/radiowebmx.com\/nota\/wp-json\/wp\/v2\/posts\/70216\/revisions"}],"predecessor-version":[{"id":70218,"href":"https:\/\/radiowebmx.com\/nota\/wp-json\/wp\/v2\/posts\/70216\/revisions\/70218"}],"wp:featuredmedia":[{"embeddable":true,"href":"https:\/\/radiowebmx.com\/nota\/wp-json\/wp\/v2\/media\/70217"}],"wp:attachment":[{"href":"https:\/\/radiowebmx.com\/nota\/wp-json\/wp\/v2\/media?parent=70216"}],"wp:term":[{"taxonomy":"category","embeddable":true,"href":"https:\/\/radiowebmx.com\/nota\/wp-json\/wp\/v2\/categories?post=70216"},{"taxonomy":"post_tag","embeddable":true,"href":"https:\/\/radiowebmx.com\/nota\/wp-json\/wp\/v2\/tags?post=70216"}],"curies":[{"name":"wp","href":"https:\/\/api.w.org\/{rel}","templated":true}]}}