{"id":70213,"date":"2021-08-18T21:31:38","date_gmt":"2021-08-19T02:31:38","guid":{"rendered":"https:\/\/radiowebmx.com\/nota\/?p=70213"},"modified":"2021-08-18T21:31:40","modified_gmt":"2021-08-19T02:31:40","slug":"amlo-se-deslinda-de-carta-responsiva-de-la-sep-no-es-obligatoria","status":"publish","type":"post","link":"https:\/\/radiowebmx.com\/nota\/amlo-se-deslinda-de-carta-responsiva-de-la-sep-no-es-obligatoria\/","title":{"rendered":"AMLO se deslinda de carta responsiva de la SEP: \u2018No es obligatoria\u2019"},"content":{"rendered":"\n<p>      El presidente\u00a0<strong>Andr\u00e9s Manuel L\u00f3pez Obrador<\/strong>\u00a0se deslind\u00f3 de la\u00a0<strong>carta responsiva<\/strong>\u00a0que dio a conocer la Secretar\u00eda de Educaci\u00f3n P\u00fablica (<strong>SEP<\/strong>) para que los padres de familia se corresponsabilicen de la salud de los menores en este\u00a0<strong>regreso a clases<\/strong>. Asegur\u00f3 que no es obligatorio entregar el\u00a0<strong>documento firmado<\/strong>.<\/p>\n\n\n\n<p>     <strong>\u00bfQu\u00e9 dijo?<\/strong>\u00a0En conferencia ma\u00f1anera, AMLO destac\u00f3: \u201cLa carta no es obligatoria. Si van los ni\u00f1os y no llevan la carta, no le hace. Es que nosotros tenemos todav\u00eda que enfrentar esta concepci\u00f3n burocr\u00e1tica, autoritaria, que se hered\u00f3 del periodo neoliberal. Entonces, ustedes creen que yo tuve que ver con la carta, pues no, fue una decisi\u00f3n abajo, si me hubiesen consultado, hubiese dicho \u2018no, somos libres\u2019. Prohibido prohibir\u201d<\/p>\n\n\n\n<p>      L\u00f3pez Obrador descalific\u00f3 la carta de corresponsabilidad, al llamarla una pr\u00e1ctica burocr\u00e1tica y hasta autoritaria que viene de la formaci\u00f3n neoliberal. En ese sentido, hizo un llamado a limpiar al Gobierno de corrupci\u00f3n e ineficiencias.<\/p>\n\n\n\n<p>     \u201cTodav\u00eda tenemos que ir limpiando el gobierno de estas concepciones burocr\u00e1ticas, autoritarias y desde luego terminar de limpiar al gobierno de corrupci\u00f3n, y de ineficiencias, demoras\u201d, dijo AMLO.<\/p>\n","protected":false},"excerpt":{"rendered":"<p>El presidente\u00a0Andr\u00e9s Manuel L\u00f3pez Obrador\u00a0se deslind\u00f3 de la\u00a0carta responsiva\u00a0que dio a conocer la Secretar\u00eda de Educaci\u00f3n P\u00fablica (SEP) para que los padres de familia se corresponsabilicen de la salud de los menores en este\u00a0regreso a clases. Asegur\u00f3 que no es obligatorio entregar el\u00a0documento firmado. \u00bfQu\u00e9 dijo?\u00a0En conferencia ma\u00f1anera, AMLO destac\u00f3: \u201cLa carta no es obligatoria. [&hellip;]<\/p>\n","protected":false},"author":2,"featured_media":70214,"comment_status":"closed","ping_status":"closed","sticky":false,"template":"","format":"standard","meta":{"footnotes":""},"categories":[1],"tags":[],"class_list":["post-70213","post","type-post","status-publish","format-standard","has-post-thumbnail","hentry","category-sin-categoria"],"_links":{"self":[{"href":"https:\/\/radiowebmx.com\/nota\/wp-json\/wp\/v2\/posts\/70213","targetHints":{"allow":["GET"]}}],"collection":[{"href":"https:\/\/radiowebmx.com\/nota\/wp-json\/wp\/v2\/posts"}],"about":[{"href":"https:\/\/radiowebmx.com\/nota\/wp-json\/wp\/v2\/types\/post"}],"author":[{"embeddable":true,"href":"https:\/\/radiowebmx.com\/nota\/wp-json\/wp\/v2\/users\/2"}],"replies":[{"embeddable":true,"href":"https:\/\/radiowebmx.com\/nota\/wp-json\/wp\/v2\/comments?post=70213"}],"version-history":[{"count":1,"href":"https:\/\/radiowebmx.com\/nota\/wp-json\/wp\/v2\/posts\/70213\/revisions"}],"predecessor-version":[{"id":70215,"href":"https:\/\/radiowebmx.com\/nota\/wp-json\/wp\/v2\/posts\/70213\/revisions\/70215"}],"wp:featuredmedia":[{"embeddable":true,"href":"https:\/\/radiowebmx.com\/nota\/wp-json\/wp\/v2\/media\/70214"}],"wp:attachment":[{"href":"https:\/\/radiowebmx.com\/nota\/wp-json\/wp\/v2\/media?parent=70213"}],"wp:term":[{"taxonomy":"category","embeddable":true,"href":"https:\/\/radiowebmx.com\/nota\/wp-json\/wp\/v2\/categories?post=70213"},{"taxonomy":"post_tag","embeddable":true,"href":"https:\/\/radiowebmx.com\/nota\/wp-json\/wp\/v2\/tags?post=70213"}],"curies":[{"name":"wp","href":"https:\/\/api.w.org\/{rel}","templated":true}]}}