{"id":70210,"date":"2021-08-18T21:17:08","date_gmt":"2021-08-19T02:17:08","guid":{"rendered":"https:\/\/radiowebmx.com\/nota\/?p=70210"},"modified":"2021-08-18T21:17:09","modified_gmt":"2021-08-19T02:17:09","slug":"tras-incidente-vacunan-correctamente-a-joven-en-morelia","status":"publish","type":"post","link":"https:\/\/radiowebmx.com\/nota\/tras-incidente-vacunan-correctamente-a-joven-en-morelia\/","title":{"rendered":"Tras incidente, vacunan correctamente a joven en Morelia"},"content":{"rendered":"\n<p>    <\/p>\n\n\n\n<p>       Este mi\u00e9rcoles la Secretar\u00eda de Salud de Michoac\u00e1n (SSM)\u00a0<strong>afirm\u00f3 que ya fue vacunada<\/strong>\u00a0la joven que detect\u00f3 no haber recibido correctamente la dosis contra Covid-19, el d\u00eda de ayer en el m\u00f3dulo de Ciudad Universitaria en Morelia.<\/p>\n\n\n\n<p>      A trav\u00e9s de un vIdeo, la dependencia dio a conocer el momento en el que a la mujer le fue aplicado el biol\u00f3gico de la farmac\u00e9utica de Pfizer, esta vez de manera certera.<\/p>\n\n\n\n<p> <em>\u201cDespu\u00e9s del incidente de ayer en el m\u00f3dulo de CU, la joven afectada hoy recibi\u00f3 su dosis de la vacuna anti-Covid-19. Nuestro compromiso es y ser\u00e1 siempre velar por la salud de las y los michoacanos\u201d<\/em>\u00a0escribi\u00f3 la SSM.<\/p>\n\n\n\n<p>      Luego de que se hiciera viral el caso por redes sociales, el Consejo Estatal de Vacunaci\u00f3n en Michoac\u00e1n inici\u00f3 con la evaluaci\u00f3n del video donde se apreci\u00f3 c\u00f3mo\u00a0<strong>la enfermera no aplica el producto<\/strong>\u00a0como se debe y posteriormente reconoci\u00f3 el error de la trabajadora de salud.<\/p>\n\n\n\n<p>      <em>\u201cEste hecho es, sin dudas, un error que no podemos pasar por alto y se tomar\u00e1n las medidas necesarias para reforzar el control del proceso de vacunaci\u00f3n e impedir que se repita\u201d<\/em>, mencion\u00f3 el consejo en un comunicado.<\/p>\n\n\n\n<p>      Por su parte el titular de la Delegaci\u00f3n de Bienestar Michoac\u00e1n, Roberto Pantoja Arzola inform\u00f3 que se har\u00edan las investigaciones pertinentes y de encontrarse otra intenci\u00f3n en el error, se pudiera establecerse una sanci\u00f3n para el personal.<\/p>\n\n\n\n<p>        Adem\u00e1s,\u00a0<strong>exhort\u00f3 a la poblaci\u00f3n a verificar que el proceso de vacunaci\u00f3n<\/strong>\u00a0se est\u00e9 llevando a cabo de la manera correcta,\u00a0<em>\u201cque los j\u00f3venes puedan verificar la jeringa antes de que se les apliqu\u00e9 el biol\u00f3gico, para evitar incidentes como este\u201d<\/em>, se\u00f1al\u00f3.<\/p>\n","protected":false},"excerpt":{"rendered":"<p>Este mi\u00e9rcoles la Secretar\u00eda de Salud de Michoac\u00e1n (SSM)\u00a0afirm\u00f3 que ya fue vacunada\u00a0la joven que detect\u00f3 no haber recibido correctamente la dosis contra Covid-19, el d\u00eda de ayer en el m\u00f3dulo de Ciudad Universitaria en Morelia. A trav\u00e9s de un vIdeo, la dependencia dio a conocer el momento en el que a la mujer le [&hellip;]<\/p>\n","protected":false},"author":2,"featured_media":70211,"comment_status":"closed","ping_status":"closed","sticky":false,"template":"","format":"standard","meta":{"footnotes":""},"categories":[1],"tags":[],"class_list":["post-70210","post","type-post","status-publish","format-standard","has-post-thumbnail","hentry","category-sin-categoria"],"_links":{"self":[{"href":"https:\/\/radiowebmx.com\/nota\/wp-json\/wp\/v2\/posts\/70210","targetHints":{"allow":["GET"]}}],"collection":[{"href":"https:\/\/radiowebmx.com\/nota\/wp-json\/wp\/v2\/posts"}],"about":[{"href":"https:\/\/radiowebmx.com\/nota\/wp-json\/wp\/v2\/types\/post"}],"author":[{"embeddable":true,"href":"https:\/\/radiowebmx.com\/nota\/wp-json\/wp\/v2\/users\/2"}],"replies":[{"embeddable":true,"href":"https:\/\/radiowebmx.com\/nota\/wp-json\/wp\/v2\/comments?post=70210"}],"version-history":[{"count":1,"href":"https:\/\/radiowebmx.com\/nota\/wp-json\/wp\/v2\/posts\/70210\/revisions"}],"predecessor-version":[{"id":70212,"href":"https:\/\/radiowebmx.com\/nota\/wp-json\/wp\/v2\/posts\/70210\/revisions\/70212"}],"wp:featuredmedia":[{"embeddable":true,"href":"https:\/\/radiowebmx.com\/nota\/wp-json\/wp\/v2\/media\/70211"}],"wp:attachment":[{"href":"https:\/\/radiowebmx.com\/nota\/wp-json\/wp\/v2\/media?parent=70210"}],"wp:term":[{"taxonomy":"category","embeddable":true,"href":"https:\/\/radiowebmx.com\/nota\/wp-json\/wp\/v2\/categories?post=70210"},{"taxonomy":"post_tag","embeddable":true,"href":"https:\/\/radiowebmx.com\/nota\/wp-json\/wp\/v2\/tags?post=70210"}],"curies":[{"name":"wp","href":"https:\/\/api.w.org\/{rel}","templated":true}]}}