{"id":70201,"date":"2021-08-18T20:59:13","date_gmt":"2021-08-19T01:59:13","guid":{"rendered":"https:\/\/radiowebmx.com\/nota\/?p=70201"},"modified":"2021-08-18T20:59:14","modified_gmt":"2021-08-19T01:59:14","slug":"diputadas-dan-seguimiento-a-iniciativa-para-conmemorar-a-la-armada-de-mexico-en-el-congreso-del-estado","status":"publish","type":"post","link":"https:\/\/radiowebmx.com\/nota\/diputadas-dan-seguimiento-a-iniciativa-para-conmemorar-a-la-armada-de-mexico-en-el-congreso-del-estado\/","title":{"rendered":"Diputadas dan seguimiento a iniciativa para conmemorar a la Armada de M\u00e9xico en el Congreso del Estado"},"content":{"rendered":"\n<p>       Las diputadas Adriana Gabriela Ceballos Hern\u00e1ndez y Sandra Luz Valencia, presidenta e integrante de la Comisi\u00f3n de Cultura y Arte del Congreso del Estado, respectivamente, sostuvieron una reuni\u00f3n con el Vicealmirante Mario Maqueda Mendoza, Comandante de la D\u00e9cima Zona Naval y con el Capit\u00e1n Conrado Aparicio Garc\u00eda, Jefe de la Secci\u00f3n de Protocolo de la D\u00e9cima Zona Naval, ambos de la Armada de M\u00e9xico.<\/p>\n\n\n\n<p>       Dicha reuni\u00f3n tuvo como objeto, darle seguimiento a la iniciativa para que se autorice la inscripci\u00f3n de la leyenda conmemorativa \u201c2021 Bicentenario de la creaci\u00f3n de la Armada de M\u00e9xico\u201d en letras doradas en el frontispicio de honor del Palacio Legislativo.<\/p>\n\n\n\n<p>      En dicho encuentro, las legisladoras destacaron la importancia de conmemorar una instituci\u00f3n, que dijeron, es parte fundamental de la historia de M\u00e9xico, que ha sido fundamental en la seguridad de las aguas nacionales y que adem\u00e1s tiene un compromiso sumamente alto con la sociedad civil.<\/p>\n\n\n\n<p>      De esta forma, las diputadas que forman parte de la Comisi\u00f3n de Cultura y Arte, manifestaron e hicieron el compromiso de que dicha iniciativa saldr\u00e1 al pleno lo antes posible para que d\u00e9 esta forma sea votada por las y los legisladores integrantes de la septuag\u00e9sima cuarta legislatura y en su caso sea aprobada para que a la brevedad, en una sesi\u00f3n solemne se pueda llevar a cabo la develaci\u00f3n de la leyenda conmemorativa \u201c2021 Bicentenario de la creaci\u00f3n de la Armada de M\u00e9xico\u201d por parte del presidente del Congreso del Estado acompa\u00f1ado de los titulares de los poderes Ejecutivo y Judicial.<\/p>\n","protected":false},"excerpt":{"rendered":"<p>Las diputadas Adriana Gabriela Ceballos Hern\u00e1ndez y Sandra Luz Valencia, presidenta e integrante de la Comisi\u00f3n de Cultura y Arte del Congreso del Estado, respectivamente, sostuvieron una reuni\u00f3n con el Vicealmirante Mario Maqueda Mendoza, Comandante de la D\u00e9cima Zona Naval y con el Capit\u00e1n Conrado Aparicio Garc\u00eda, Jefe de la Secci\u00f3n de Protocolo de la [&hellip;]<\/p>\n","protected":false},"author":2,"featured_media":70202,"comment_status":"closed","ping_status":"closed","sticky":false,"template":"","format":"standard","meta":{"footnotes":""},"categories":[1],"tags":[],"class_list":["post-70201","post","type-post","status-publish","format-standard","has-post-thumbnail","hentry","category-sin-categoria"],"_links":{"self":[{"href":"https:\/\/radiowebmx.com\/nota\/wp-json\/wp\/v2\/posts\/70201","targetHints":{"allow":["GET"]}}],"collection":[{"href":"https:\/\/radiowebmx.com\/nota\/wp-json\/wp\/v2\/posts"}],"about":[{"href":"https:\/\/radiowebmx.com\/nota\/wp-json\/wp\/v2\/types\/post"}],"author":[{"embeddable":true,"href":"https:\/\/radiowebmx.com\/nota\/wp-json\/wp\/v2\/users\/2"}],"replies":[{"embeddable":true,"href":"https:\/\/radiowebmx.com\/nota\/wp-json\/wp\/v2\/comments?post=70201"}],"version-history":[{"count":1,"href":"https:\/\/radiowebmx.com\/nota\/wp-json\/wp\/v2\/posts\/70201\/revisions"}],"predecessor-version":[{"id":70203,"href":"https:\/\/radiowebmx.com\/nota\/wp-json\/wp\/v2\/posts\/70201\/revisions\/70203"}],"wp:featuredmedia":[{"embeddable":true,"href":"https:\/\/radiowebmx.com\/nota\/wp-json\/wp\/v2\/media\/70202"}],"wp:attachment":[{"href":"https:\/\/radiowebmx.com\/nota\/wp-json\/wp\/v2\/media?parent=70201"}],"wp:term":[{"taxonomy":"category","embeddable":true,"href":"https:\/\/radiowebmx.com\/nota\/wp-json\/wp\/v2\/categories?post=70201"},{"taxonomy":"post_tag","embeddable":true,"href":"https:\/\/radiowebmx.com\/nota\/wp-json\/wp\/v2\/tags?post=70201"}],"curies":[{"name":"wp","href":"https:\/\/api.w.org\/{rel}","templated":true}]}}