{"id":70198,"date":"2021-08-18T20:54:51","date_gmt":"2021-08-19T01:54:51","guid":{"rendered":"https:\/\/radiowebmx.com\/nota\/?p=70198"},"modified":"2021-08-18T20:54:52","modified_gmt":"2021-08-19T01:54:52","slug":"hidalgo-y-michoacan-rechazan-regreso-a-clases-presenciales-afirman-que-no-hay-condiciones","status":"publish","type":"post","link":"https:\/\/radiowebmx.com\/nota\/hidalgo-y-michoacan-rechazan-regreso-a-clases-presenciales-afirman-que-no-hay-condiciones\/","title":{"rendered":"Hidalgo y Michoac\u00e1n rechazan regreso a clases presenciales, afirman que \u2018no hay condiciones\u2019"},"content":{"rendered":"\n<p>     Los gobiernos de los estados de\u00a0<strong>Hidalgo y Michoac\u00e1n aseguraron<\/strong>\u00a0que\u00a0<strong>no volver\u00e1n a clases presenciales<\/strong>\u00a0en el inicio del<strong>\u00a0ciclo escolar 2021-2022,<\/strong>\u00a0que da inicio el 30 de agosto, ante el\u00a0<strong>repunte de casos de COVID-19<\/strong>.<\/p>\n\n\n\n<p>     <strong>\u00bfQu\u00e9 se dijo?<\/strong>\u00a0Omar Fayad, gobernador de Hidalgo, asegur\u00f3 que el regreso a las escuelas ser\u00e1 solo cuando las condiciones sanitarias as\u00ed lo permitan. Adem\u00e1s hizo un llamado a quedarse en casa, con el fin de contener la propagaci\u00f3n de la COVID-19.<\/p>\n\n\n\n<p>      \u201cEst\u00e1 en cada uno de nosotros evitar un nuevo periodo de confinamiento, una mayor afectaci\u00f3n econ\u00f3mica para nuestras familias y da\u00f1os irreversibles en el aprendizaje de nuestros ni\u00f1os y j\u00f3venes, quienes desde hace 17 meses no pueden acudir a sus escuelas y lo har\u00e1n hasta que las condiciones sanitarias lo permitan\u201d, sostuvo el mandatario estatal.<\/p>\n\n\n\n<p>     Por otro lado, la Secretar\u00eda de Educaci\u00f3n de Michoac\u00e1n tambi\u00e9n descart\u00f3 un regreso a clases de manera presencial, debido al aumento de casos y hospitalizaciones por COVID-19 en la entidad.<\/p>\n\n\n\n<p>     En ese sentido, se dijo que m\u00e1s de 11 mil escuelas permanecer\u00e1n cerradas, por lo que 80 mil maestros no atender\u00e1n de manera presencial a 1 mill\u00f3n 200 mil alumnos de educaci\u00f3n b\u00e1sica.<\/p>\n","protected":false},"excerpt":{"rendered":"<p>Los gobiernos de los estados de\u00a0Hidalgo y Michoac\u00e1n aseguraron\u00a0que\u00a0no volver\u00e1n a clases presenciales\u00a0en el inicio del\u00a0ciclo escolar 2021-2022,\u00a0que da inicio el 30 de agosto, ante el\u00a0repunte de casos de COVID-19. \u00bfQu\u00e9 se dijo?\u00a0Omar Fayad, gobernador de Hidalgo, asegur\u00f3 que el regreso a las escuelas ser\u00e1 solo cuando las condiciones sanitarias as\u00ed lo permitan. Adem\u00e1s hizo [&hellip;]<\/p>\n","protected":false},"author":2,"featured_media":70199,"comment_status":"closed","ping_status":"closed","sticky":false,"template":"","format":"standard","meta":{"footnotes":""},"categories":[1],"tags":[],"class_list":["post-70198","post","type-post","status-publish","format-standard","has-post-thumbnail","hentry","category-sin-categoria"],"_links":{"self":[{"href":"https:\/\/radiowebmx.com\/nota\/wp-json\/wp\/v2\/posts\/70198","targetHints":{"allow":["GET"]}}],"collection":[{"href":"https:\/\/radiowebmx.com\/nota\/wp-json\/wp\/v2\/posts"}],"about":[{"href":"https:\/\/radiowebmx.com\/nota\/wp-json\/wp\/v2\/types\/post"}],"author":[{"embeddable":true,"href":"https:\/\/radiowebmx.com\/nota\/wp-json\/wp\/v2\/users\/2"}],"replies":[{"embeddable":true,"href":"https:\/\/radiowebmx.com\/nota\/wp-json\/wp\/v2\/comments?post=70198"}],"version-history":[{"count":1,"href":"https:\/\/radiowebmx.com\/nota\/wp-json\/wp\/v2\/posts\/70198\/revisions"}],"predecessor-version":[{"id":70200,"href":"https:\/\/radiowebmx.com\/nota\/wp-json\/wp\/v2\/posts\/70198\/revisions\/70200"}],"wp:featuredmedia":[{"embeddable":true,"href":"https:\/\/radiowebmx.com\/nota\/wp-json\/wp\/v2\/media\/70199"}],"wp:attachment":[{"href":"https:\/\/radiowebmx.com\/nota\/wp-json\/wp\/v2\/media?parent=70198"}],"wp:term":[{"taxonomy":"category","embeddable":true,"href":"https:\/\/radiowebmx.com\/nota\/wp-json\/wp\/v2\/categories?post=70198"},{"taxonomy":"post_tag","embeddable":true,"href":"https:\/\/radiowebmx.com\/nota\/wp-json\/wp\/v2\/tags?post=70198"}],"curies":[{"name":"wp","href":"https:\/\/api.w.org\/{rel}","templated":true}]}}