{"id":70190,"date":"2021-08-17T15:21:54","date_gmt":"2021-08-17T20:21:54","guid":{"rendered":"https:\/\/radiowebmx.com\/nota\/?p=70190"},"modified":"2021-08-17T15:21:56","modified_gmt":"2021-08-17T20:21:56","slug":"convoca-bedolla-a-entrega-recepcion-de-gobierno-estatal-transparente-y-en-orden","status":"publish","type":"post","link":"https:\/\/radiowebmx.com\/nota\/convoca-bedolla-a-entrega-recepcion-de-gobierno-estatal-transparente-y-en-orden\/","title":{"rendered":"Convoca Bedolla a  entrega-recepci\u00f3n de gobierno estatal transparente y en orden."},"content":{"rendered":"\n<p>     Morelia, Michoac\u00e1n, 16 de agosto del 2021.- Ante el inicio formal de la entrega-recepci\u00f3n de la administraci\u00f3n p\u00fablica estatal, el gobernador electo Alfredo Ram\u00edrez Bedolla convoc\u00f3 a funcionarios a cumplir con esta disposici\u00f3n de ley, y llevar a cabo un proceso transparente y en orden que d\u00e9 certeza al ejercicio de gobierno.<\/p>\n\n\n\n<p>      Alfredo Ram\u00edrez Bedolla subray\u00f3 que, una vez que el Tribunal Electoral del Estado de Michoac\u00e1n resolvi\u00f3 validar la elecci\u00f3n de gobernador, est\u00e1n listos para llevar a cabo la entrega-recepci\u00f3n de la administraci\u00f3n estatal; puntualiz\u00f3 que el pr\u00f3ximo primero de octubre se habr\u00e1 de renovar el Gobierno del Estado, independientemente de que los servidores p\u00fablicos en funciones concreten o no el proceso de transici\u00f3n.<\/p>\n\n\n\n<p>      Humberto Urquiza, integrante de la Comisi\u00f3n de Transici\u00f3n del gobernador electo, puntualiz\u00f3 que el Art\u00edculo 19 de la Ley de Planeaci\u00f3n Hacendaria, Presupuesto, Gasto P\u00fablico y Contabilidad Gubernamental del Estado de Michoac\u00e1n, contempla que el proceso de entrega-recepci\u00f3n inicia 45 d\u00edas antes del inicio del nuevo gobierno.<\/p>\n\n\n\n<p>      Alfredo Ram\u00edrez subray\u00f3 que no ser\u00e1 politizado el proceso de entrega-recepci\u00f3n, pero tampoco ser\u00e1n c\u00f3mplices de malas pr\u00e1cticas en el servicio p\u00fablico, por lo que adelant\u00f3 que realizar\u00e1n auditor\u00edas espec\u00edficas, como al ejercicio de la deuda de 4 mil millones de pesos contratada por el actual gobierno.<\/p>\n\n\n\n<p>     El objetivo de la Comisi\u00f3n de Transici\u00f3n, puntualiz\u00f3 Ram\u00edrez Bedolla, es que a m\u00e1s tardar el 23 de septiembre se tenga un informe &#8220;que no s\u00f3lo nos ofrezca un diagn\u00f3stico del estado de la administraci\u00f3n p\u00fablica estatal, sino que tambi\u00e9n nos permita hacer un an\u00e1lisis prospectivo de los asuntos que debemos atender de manera urgente para garantizar el ejercicio de gobierno&#8221;.<\/p>\n\n\n\n<p>     Acompa\u00f1aron al gobernador electo las integrantes del Equipo de Transici\u00f3n: Yarab\u00ed \u00c1vila y Elvia Higuera, as\u00ed como los integrantes del Equipo Jur\u00eddico: Juan Carlos Oseguera y Humberto Urquiza.<\/p>\n","protected":false},"excerpt":{"rendered":"<p>Morelia, Michoac\u00e1n, 16 de agosto del 2021.- Ante el inicio formal de la entrega-recepci\u00f3n de la administraci\u00f3n p\u00fablica estatal, el gobernador electo Alfredo Ram\u00edrez Bedolla convoc\u00f3 a funcionarios a cumplir con esta disposici\u00f3n de ley, y llevar a cabo un proceso transparente y en orden que d\u00e9 certeza al ejercicio de gobierno. Alfredo Ram\u00edrez Bedolla [&hellip;]<\/p>\n","protected":false},"author":2,"featured_media":70191,"comment_status":"closed","ping_status":"closed","sticky":false,"template":"","format":"standard","meta":{"footnotes":""},"categories":[1],"tags":[],"class_list":["post-70190","post","type-post","status-publish","format-standard","has-post-thumbnail","hentry","category-sin-categoria"],"_links":{"self":[{"href":"https:\/\/radiowebmx.com\/nota\/wp-json\/wp\/v2\/posts\/70190","targetHints":{"allow":["GET"]}}],"collection":[{"href":"https:\/\/radiowebmx.com\/nota\/wp-json\/wp\/v2\/posts"}],"about":[{"href":"https:\/\/radiowebmx.com\/nota\/wp-json\/wp\/v2\/types\/post"}],"author":[{"embeddable":true,"href":"https:\/\/radiowebmx.com\/nota\/wp-json\/wp\/v2\/users\/2"}],"replies":[{"embeddable":true,"href":"https:\/\/radiowebmx.com\/nota\/wp-json\/wp\/v2\/comments?post=70190"}],"version-history":[{"count":1,"href":"https:\/\/radiowebmx.com\/nota\/wp-json\/wp\/v2\/posts\/70190\/revisions"}],"predecessor-version":[{"id":70192,"href":"https:\/\/radiowebmx.com\/nota\/wp-json\/wp\/v2\/posts\/70190\/revisions\/70192"}],"wp:featuredmedia":[{"embeddable":true,"href":"https:\/\/radiowebmx.com\/nota\/wp-json\/wp\/v2\/media\/70191"}],"wp:attachment":[{"href":"https:\/\/radiowebmx.com\/nota\/wp-json\/wp\/v2\/media?parent=70190"}],"wp:term":[{"taxonomy":"category","embeddable":true,"href":"https:\/\/radiowebmx.com\/nota\/wp-json\/wp\/v2\/categories?post=70190"},{"taxonomy":"post_tag","embeddable":true,"href":"https:\/\/radiowebmx.com\/nota\/wp-json\/wp\/v2\/tags?post=70190"}],"curies":[{"name":"wp","href":"https:\/\/api.w.org\/{rel}","templated":true}]}}