{"id":70184,"date":"2021-08-17T14:49:00","date_gmt":"2021-08-17T19:49:00","guid":{"rendered":"https:\/\/radiowebmx.com\/nota\/?p=70184"},"modified":"2021-08-17T14:49:02","modified_gmt":"2021-08-17T19:49:02","slug":"equipo-por-michoacan-presenta-juicio-de-revision-constitucional-electoral","status":"publish","type":"post","link":"https:\/\/radiowebmx.com\/nota\/equipo-por-michoacan-presenta-juicio-de-revision-constitucional-electoral\/","title":{"rendered":"Equipo por Michoac\u00e1n presenta Juicio de Revisi\u00f3n Constitucional Electoral"},"content":{"rendered":"\n<p class=\"has-text-align-center\">*A trav\u00e9s de este recurso legal, el Equipo por Michoac\u00e1n solicita a la Sala Superior del Tribunal Electoral del Poder Ju<strong>dicial de la Federaci\u00f3n (TEPJF) examine a detalle cada prueba que se present\u00f3 en el juicio legal de la elecci\u00f3n a Gobernador de Michoac\u00e1n.<\/strong><\/p>\n\n\n\n<p>     Morelia, Michoac\u00e1n, a 15 de agosto de 2021.- El \u00e1rea legal del Equipo por Michoacan inform\u00f3 que este s\u00e1bado se entreg\u00f3 a la Sala Superior del Tribunal Electoral del Poder Judicial de la Federaci\u00f3n (TEPJF) el recurso que se presenta como Juicio de Revisi\u00f3n Constitucional Electoral para combatir la ilegalidad del resolutivo que dio el Tribunal del Estado de Michoac\u00e1n (TEEM) al validar los resultados de la elecci\u00f3n a Gobernador a favor de la coalici\u00f3n Morena-PT.<\/p>\n\n\n\n<p>      &#8220;A trav\u00e9s de este medio de control constitucional<br>solicitamos que el \u00f3rgano federal examine a detalle cada una de las pruebas, mismas que fueron aportadas por decenas de michoacanos y requieren tiempo para su revision&#8221;, afirm\u00f3 el \u00e1rea jur\u00eddica del Equipo por Michoac\u00e1n.<\/p>\n\n\n\n<p>      Asimismo, subrayaron que las y los michoacanos deben confiar en que defender\u00e1n, por todos los medios legales, cada audio, video, texto o fotograf\u00eda que aportaron al juicio legal para demostrar que en los comicios,\u00a0 celebrados el pasado 6 de junio, ocurrieron irregularidades.<\/p>\n\n\n\n<p>      &#8220;No vamos a permitir el hecho de que grupos de la delincuencia organizada hayan intervenido directamente y quede impune esa situaci\u00f3n, tampoco vamos a ignorar los audios y videos donde los michoacanos demuestran c\u00f3mo fueron condicionados con los programas sociales para votar por Morena&#8221;, sentenciaron los abogados.<\/p>\n\n\n\n<p>     Se\u00f1alaron que el Tribunal Federal tendr\u00e1 hasta el 30 de septiembre para ratificar la sentencia o revertir la determinaci\u00f3n del \u00f3rgano local y anular los comicios.<\/p>\n","protected":false},"excerpt":{"rendered":"<p>*A trav\u00e9s de este recurso legal, el Equipo por Michoac\u00e1n solicita a la Sala Superior del Tribunal Electoral del Poder Judicial de la Federaci\u00f3n (TEPJF) examine a detalle cada prueba que se present\u00f3 en el juicio legal de la elecci\u00f3n a Gobernador de Michoac\u00e1n. Morelia, Michoac\u00e1n, a 15 de agosto de 2021.- El \u00e1rea legal [&hellip;]<\/p>\n","protected":false},"author":2,"featured_media":70185,"comment_status":"closed","ping_status":"closed","sticky":false,"template":"","format":"standard","meta":{"footnotes":""},"categories":[1],"tags":[],"class_list":["post-70184","post","type-post","status-publish","format-standard","has-post-thumbnail","hentry","category-sin-categoria"],"_links":{"self":[{"href":"https:\/\/radiowebmx.com\/nota\/wp-json\/wp\/v2\/posts\/70184","targetHints":{"allow":["GET"]}}],"collection":[{"href":"https:\/\/radiowebmx.com\/nota\/wp-json\/wp\/v2\/posts"}],"about":[{"href":"https:\/\/radiowebmx.com\/nota\/wp-json\/wp\/v2\/types\/post"}],"author":[{"embeddable":true,"href":"https:\/\/radiowebmx.com\/nota\/wp-json\/wp\/v2\/users\/2"}],"replies":[{"embeddable":true,"href":"https:\/\/radiowebmx.com\/nota\/wp-json\/wp\/v2\/comments?post=70184"}],"version-history":[{"count":1,"href":"https:\/\/radiowebmx.com\/nota\/wp-json\/wp\/v2\/posts\/70184\/revisions"}],"predecessor-version":[{"id":70186,"href":"https:\/\/radiowebmx.com\/nota\/wp-json\/wp\/v2\/posts\/70184\/revisions\/70186"}],"wp:featuredmedia":[{"embeddable":true,"href":"https:\/\/radiowebmx.com\/nota\/wp-json\/wp\/v2\/media\/70185"}],"wp:attachment":[{"href":"https:\/\/radiowebmx.com\/nota\/wp-json\/wp\/v2\/media?parent=70184"}],"wp:term":[{"taxonomy":"category","embeddable":true,"href":"https:\/\/radiowebmx.com\/nota\/wp-json\/wp\/v2\/categories?post=70184"},{"taxonomy":"post_tag","embeddable":true,"href":"https:\/\/radiowebmx.com\/nota\/wp-json\/wp\/v2\/tags?post=70184"}],"curies":[{"name":"wp","href":"https:\/\/api.w.org\/{rel}","templated":true}]}}