{"id":70025,"date":"2021-06-04T19:55:52","date_gmt":"2021-06-05T00:55:52","guid":{"rendered":"https:\/\/radiowebmx.com\/nota\/?p=70025"},"modified":"2021-06-04T19:55:52","modified_gmt":"2021-06-05T00:55:52","slug":"sep-aclara-estos-puntos-previo-a-regreso-a-clases-presenciales","status":"publish","type":"post","link":"https:\/\/radiowebmx.com\/nota\/sep-aclara-estos-puntos-previo-a-regreso-a-clases-presenciales\/","title":{"rendered":"SEP aclara estos puntos, previo a regreso a clases presenciales"},"content":{"rendered":"<p>La\u00a0<strong>SEP<\/strong>\u00a0enfatiz\u00f3 sobre las\u00a0<strong>clases presenciales<\/strong>:<\/p>\n<ul>\n<li>El regreso a aulas es voluntario; se realizar\u00e1 de forma escalonada<\/li>\n<li>No se pondr\u00e1 en riesgo la salud de integrantes de la comunidad educativa<\/li>\n<li>El uso de uniformes escolares no es obligatorio; se usar\u00e1n \u00fatiles y materiales que ya se tienen<\/li>\n<\/ul>\n<p>Las\u00a0<strong>clases presenciales<\/strong>\u00a0reiniciar\u00e1n el pr\u00f3ximo lunes 7 de junio, y la reapertura, record\u00f3 la\u00a0<strong>SEP<\/strong>, se basar\u00e1 en el sem\u00e1foro epidemiol\u00f3gico por coronavirus (COVID-19) de cada entidad. Explic\u00f3 que se atender\u00e1n sugerencias de la Secretar\u00eda de Salud (Ssa) y que se consultar\u00e1 a la comunidad de cada plantel.<\/p>\n<p>En un comunicado de prensa, la\u00a0<strong>SEP<\/strong>\u00a0respondi\u00f3 a la Agrupaci\u00f3n Magisterial y Normalista Nuestra Clase: record\u00f3 que no es obligatorio adquirir uniformes nuevos para el reinicio de\u00a0<strong>clases presenciales<\/strong>, \u201cni tampoco \u00fatiles y materiales educativos adicionales a los que ya tienen los estudiantes\u201d.<\/p>\n<ul>\n<li>La reapertura de las aulas responde a la necesidad de que los aprendizajes impacten de la mejor manera posible en los estudiantes<\/li>\n<\/ul>\n<p>Autoridades educativas y sanitarias estatales est\u00e1n capacitadas y facultadas, subray\u00f3 la\u00a0<strong>SEP<\/strong>, para la organizaci\u00f3n e inauguraci\u00f3n de\u00a0<strong>clases presenciales<\/strong>, atendiendo contextos epidemiol\u00f3gicos locales. Pidi\u00f3 al sector consultar la Estrategia Nacional para el Regreso a\u00a0<strong>Clases Presenciales<\/strong>\u00a0en las Escuelas de Educaci\u00f3n B\u00e1sica.\u00a0Se redoblar\u00e1n esfuerzos para que alumnos de educaci\u00f3n b\u00e1sica obtengan conocimientos que ayuden a su total desarrollo.<\/p>\n","protected":false},"excerpt":{"rendered":"<p>La\u00a0SEP\u00a0enfatiz\u00f3 sobre las\u00a0clases presenciales: El regreso a aulas es voluntario; se realizar\u00e1 de forma escalonada No se pondr\u00e1 en riesgo la salud de integrantes de la comunidad educativa El uso de uniformes escolares no es obligatorio; se usar\u00e1n \u00fatiles y materiales que ya se tienen Las\u00a0clases presenciales\u00a0reiniciar\u00e1n el pr\u00f3ximo lunes 7 de junio, y la [&hellip;]<\/p>\n","protected":false},"author":2,"featured_media":70026,"comment_status":"closed","ping_status":"closed","sticky":false,"template":"","format":"standard","meta":{"footnotes":""},"categories":[14],"tags":[],"class_list":["post-70025","post","type-post","status-publish","format-standard","has-post-thumbnail","hentry","category-destacadas"],"_links":{"self":[{"href":"https:\/\/radiowebmx.com\/nota\/wp-json\/wp\/v2\/posts\/70025","targetHints":{"allow":["GET"]}}],"collection":[{"href":"https:\/\/radiowebmx.com\/nota\/wp-json\/wp\/v2\/posts"}],"about":[{"href":"https:\/\/radiowebmx.com\/nota\/wp-json\/wp\/v2\/types\/post"}],"author":[{"embeddable":true,"href":"https:\/\/radiowebmx.com\/nota\/wp-json\/wp\/v2\/users\/2"}],"replies":[{"embeddable":true,"href":"https:\/\/radiowebmx.com\/nota\/wp-json\/wp\/v2\/comments?post=70025"}],"version-history":[{"count":1,"href":"https:\/\/radiowebmx.com\/nota\/wp-json\/wp\/v2\/posts\/70025\/revisions"}],"predecessor-version":[{"id":70027,"href":"https:\/\/radiowebmx.com\/nota\/wp-json\/wp\/v2\/posts\/70025\/revisions\/70027"}],"wp:featuredmedia":[{"embeddable":true,"href":"https:\/\/radiowebmx.com\/nota\/wp-json\/wp\/v2\/media\/70026"}],"wp:attachment":[{"href":"https:\/\/radiowebmx.com\/nota\/wp-json\/wp\/v2\/media?parent=70025"}],"wp:term":[{"taxonomy":"category","embeddable":true,"href":"https:\/\/radiowebmx.com\/nota\/wp-json\/wp\/v2\/categories?post=70025"},{"taxonomy":"post_tag","embeddable":true,"href":"https:\/\/radiowebmx.com\/nota\/wp-json\/wp\/v2\/tags?post=70025"}],"curies":[{"name":"wp","href":"https:\/\/api.w.org\/{rel}","templated":true}]}}