{"id":69947,"date":"2021-05-29T09:40:49","date_gmt":"2021-05-29T14:40:49","guid":{"rendered":"https:\/\/radiowebmx.com\/nota\/?p=69947"},"modified":"2021-05-29T09:40:49","modified_gmt":"2021-05-29T14:40:49","slug":"la-ema-aprueba-el-uso-de-vacuna-pfizer-en-adolescentes-de-12-a-15-anos","status":"publish","type":"post","link":"https:\/\/radiowebmx.com\/nota\/la-ema-aprueba-el-uso-de-vacuna-pfizer-en-adolescentes-de-12-a-15-anos\/","title":{"rendered":"La EMA aprueba el uso de vacuna Pfizer en adolescentes de 12 a 15 a\u00f1os"},"content":{"rendered":"<p>La\u00a0<strong>Agencia Europea de Medicamentos<\/strong>\u00a0(EMA) respald\u00f3 este viernes la extensi\u00f3n del uso de la<strong>\u00a0vacuna de Pfizer\/BioNTech<\/strong>\u00a0a los\u00a0<strong>adolescentes de entre 12 y 15 a\u00f1os<\/strong>, lo que la convierte en el primer preparado contra la COVID-19 con respaldo cient\u00edfico en la Uni\u00f3n Europea para los\u00a0<strong>menores de 16 a\u00f1os<\/strong>.<\/p>\n<p>La Agencia Europea de Medicamentos (EMA) recomend\u00f3 este viernes (28.05.2021) que la vacuna de la farmac\u00e9utica alemana BioNTech, distribuida mundialmente por Pfizer, sea utilizada tambi\u00e9n en j\u00f3venes de entre 12 y 15 a\u00f1os, lo que abre la puerta a que esos grupos etarios tambi\u00e9n sean inoculados con una vacuna contra el coronavirus por primera vez desde el inicio de la pandemia.<\/p>\n<p>&nbsp;<\/p>\n","protected":false},"excerpt":{"rendered":"<p>La\u00a0Agencia Europea de Medicamentos\u00a0(EMA) respald\u00f3 este viernes la extensi\u00f3n del uso de la\u00a0vacuna de Pfizer\/BioNTech\u00a0a los\u00a0adolescentes de entre 12 y 15 a\u00f1os, lo que la convierte en el primer preparado contra la COVID-19 con respaldo cient\u00edfico en la Uni\u00f3n Europea para los\u00a0menores de 16 a\u00f1os. La Agencia Europea de Medicamentos (EMA) recomend\u00f3 este viernes (28.05.2021) [&hellip;]<\/p>\n","protected":false},"author":2,"featured_media":69948,"comment_status":"closed","ping_status":"closed","sticky":false,"template":"","format":"standard","meta":{"footnotes":""},"categories":[14],"tags":[],"class_list":["post-69947","post","type-post","status-publish","format-standard","has-post-thumbnail","hentry","category-destacadas"],"_links":{"self":[{"href":"https:\/\/radiowebmx.com\/nota\/wp-json\/wp\/v2\/posts\/69947","targetHints":{"allow":["GET"]}}],"collection":[{"href":"https:\/\/radiowebmx.com\/nota\/wp-json\/wp\/v2\/posts"}],"about":[{"href":"https:\/\/radiowebmx.com\/nota\/wp-json\/wp\/v2\/types\/post"}],"author":[{"embeddable":true,"href":"https:\/\/radiowebmx.com\/nota\/wp-json\/wp\/v2\/users\/2"}],"replies":[{"embeddable":true,"href":"https:\/\/radiowebmx.com\/nota\/wp-json\/wp\/v2\/comments?post=69947"}],"version-history":[{"count":1,"href":"https:\/\/radiowebmx.com\/nota\/wp-json\/wp\/v2\/posts\/69947\/revisions"}],"predecessor-version":[{"id":69949,"href":"https:\/\/radiowebmx.com\/nota\/wp-json\/wp\/v2\/posts\/69947\/revisions\/69949"}],"wp:featuredmedia":[{"embeddable":true,"href":"https:\/\/radiowebmx.com\/nota\/wp-json\/wp\/v2\/media\/69948"}],"wp:attachment":[{"href":"https:\/\/radiowebmx.com\/nota\/wp-json\/wp\/v2\/media?parent=69947"}],"wp:term":[{"taxonomy":"category","embeddable":true,"href":"https:\/\/radiowebmx.com\/nota\/wp-json\/wp\/v2\/categories?post=69947"},{"taxonomy":"post_tag","embeddable":true,"href":"https:\/\/radiowebmx.com\/nota\/wp-json\/wp\/v2\/tags?post=69947"}],"curies":[{"name":"wp","href":"https:\/\/api.w.org\/{rel}","templated":true}]}}