{"id":69944,"date":"2021-05-29T09:39:41","date_gmt":"2021-05-29T14:39:41","guid":{"rendered":"https:\/\/radiowebmx.com\/nota\/?p=69944"},"modified":"2021-05-29T09:39:41","modified_gmt":"2021-05-29T14:39:41","slug":"cierran-el-paso-a-mario-delgado-con-armas-largas-en-carretera-de-tamaulipas","status":"publish","type":"post","link":"https:\/\/radiowebmx.com\/nota\/cierran-el-paso-a-mario-delgado-con-armas-largas-en-carretera-de-tamaulipas\/","title":{"rendered":"Cierran el paso a Mario Delgado con armas largas en carretera de Tamaulipas"},"content":{"rendered":"<ul>\n<li>En un\u00a0<strong>video<\/strong>del momento, difundido a trav\u00e9s de sus redes sociales, se aprecia el\u00a0<strong>di\u00e1logo<\/strong>\u00a0que tuvieron con quienes los interceptaron en el camino. Adem\u00e1s,\u00a0<strong>Mario Delgado\u00a0<\/strong>aprovech\u00f3 para condenar la situaci\u00f3n de ingobernablidad que priva en el estado de Tamaulipas donde gobierna Francisco Garc\u00eda Cabeza de Vaca.<\/li>\n<\/ul>\n<p>El\u00a0<a href=\"https:\/\/twitter.com\/mario_delgado\/status\/1398345911646842882\">dirigente de Morena<\/a>,\u00a0<strong>Mario Delgado<\/strong>, revel\u00f3 a trav\u00e9s de su cuenta de Twitter que fue\u00a0<strong>detenido<\/strong>\u00a0por un\u00a0<strong>grupo armado<\/strong>\u00a0que le apuntaba con armas largas a la unidad en que se transportaba. Todo ocurri\u00f3 en la carretera de\u00a0<strong>Tamaulipas<\/strong>, entre Matamoros y Reynosa.<\/p>\n<p>Mientras iba acompa\u00f1ado de su equipo y varios diputados un convoy les cerr\u00f3 el paso en direcci\u00f3n a\u00a0<strong>Reynosa<\/strong>. El presidente de Morena se\u00f1al\u00f3 que los\u00a0<strong>hombres armados<\/strong>\u00a0le apuntaron a la camioneta en la que se trasladaban.<\/p>\n","protected":false},"excerpt":{"rendered":"<p>En un\u00a0videodel momento, difundido a trav\u00e9s de sus redes sociales, se aprecia el\u00a0di\u00e1logo\u00a0que tuvieron con quienes los interceptaron en el camino. Adem\u00e1s,\u00a0Mario Delgado\u00a0aprovech\u00f3 para condenar la situaci\u00f3n de ingobernablidad que priva en el estado de Tamaulipas donde gobierna Francisco Garc\u00eda Cabeza de Vaca. El\u00a0dirigente de Morena,\u00a0Mario Delgado, revel\u00f3 a trav\u00e9s de su cuenta de Twitter [&hellip;]<\/p>\n","protected":false},"author":2,"featured_media":69945,"comment_status":"closed","ping_status":"closed","sticky":false,"template":"","format":"standard","meta":{"footnotes":""},"categories":[14],"tags":[],"class_list":["post-69944","post","type-post","status-publish","format-standard","has-post-thumbnail","hentry","category-destacadas"],"_links":{"self":[{"href":"https:\/\/radiowebmx.com\/nota\/wp-json\/wp\/v2\/posts\/69944","targetHints":{"allow":["GET"]}}],"collection":[{"href":"https:\/\/radiowebmx.com\/nota\/wp-json\/wp\/v2\/posts"}],"about":[{"href":"https:\/\/radiowebmx.com\/nota\/wp-json\/wp\/v2\/types\/post"}],"author":[{"embeddable":true,"href":"https:\/\/radiowebmx.com\/nota\/wp-json\/wp\/v2\/users\/2"}],"replies":[{"embeddable":true,"href":"https:\/\/radiowebmx.com\/nota\/wp-json\/wp\/v2\/comments?post=69944"}],"version-history":[{"count":1,"href":"https:\/\/radiowebmx.com\/nota\/wp-json\/wp\/v2\/posts\/69944\/revisions"}],"predecessor-version":[{"id":69946,"href":"https:\/\/radiowebmx.com\/nota\/wp-json\/wp\/v2\/posts\/69944\/revisions\/69946"}],"wp:featuredmedia":[{"embeddable":true,"href":"https:\/\/radiowebmx.com\/nota\/wp-json\/wp\/v2\/media\/69945"}],"wp:attachment":[{"href":"https:\/\/radiowebmx.com\/nota\/wp-json\/wp\/v2\/media?parent=69944"}],"wp:term":[{"taxonomy":"category","embeddable":true,"href":"https:\/\/radiowebmx.com\/nota\/wp-json\/wp\/v2\/categories?post=69944"},{"taxonomy":"post_tag","embeddable":true,"href":"https:\/\/radiowebmx.com\/nota\/wp-json\/wp\/v2\/tags?post=69944"}],"curies":[{"name":"wp","href":"https:\/\/api.w.org\/{rel}","templated":true}]}}