{"id":69928,"date":"2021-05-27T18:35:50","date_gmt":"2021-05-27T23:35:50","guid":{"rendered":"https:\/\/radiowebmx.com\/nota\/?p=69928"},"modified":"2021-05-27T18:35:50","modified_gmt":"2021-05-27T23:35:50","slug":"alerta-secretaria-de-salud-de-variantes-de-covid-19-en-morelia","status":"publish","type":"post","link":"https:\/\/radiowebmx.com\/nota\/alerta-secretaria-de-salud-de-variantes-de-covid-19-en-morelia\/","title":{"rendered":"Alerta Secretar\u00eda de Salud de variantes de Covid-19 en Morelia"},"content":{"rendered":"<p>La secretaria de Salud de Michoac\u00e1n, Diana Carpio R\u00edos, inform\u00f3 que se\u00a0han detectado dos casos de la variante del Covid-19 de Reino Unido en Morelia, la Secretar\u00eda de Salud de Michoac\u00e1n, se\u00f1al\u00f3 que las variantes del Coronavirus tienen un potencial aumento o riesgo para la salud p\u00fablica, ya que se incrementa tambi\u00e9n la transmisi\u00f3n o el da\u00f1o causado por el cambio de una nueva enfermedad.<\/p>\n<p>\u201cEl d\u00eda de ayer se reportaron dos casos de la variante de Reino Unido, que es una variante de preocupaci\u00f3n, adem\u00e1s, que se report\u00f3 la variante de la India en el buque que arrib\u00f3 a L\u00e1zaro C\u00e1rdenas\u201d, dijo la responsable del \u00e1rea de epidemiolog\u00eda de la SSM.<\/p>\n<p>Agreg\u00f3 que en Michoac\u00e1n se han presentado variantes del Covid-19 en M\u00fagica, Sahuayo, Uruapan, Morelia, Huiramba, Tzintzuntzan, L\u00e1zaro C\u00e1rdenas, Apatzing\u00e1n, Tanc\u00edtaro, Tocumbo y Los Reyes. Adem\u00e1s, explic\u00f3 que tambi\u00e9n en Tzintzuntzan se registr\u00f3 una variante de preocupaci\u00f3n.<\/p>\n<p>Y detall\u00f3 que en todo M\u00e9xico ya se han registrado variantes de Sud\u00e1frica, Reino Unido, Brasil, India, Estados Unidos, Filipinas y Francia.<\/p>\n<p>En este sentido, la secretaria de Salud en Michoac\u00e1n, Diana Carpio R\u00edos, remarc\u00f3 que no se deben de relajar a\u00fan las medidas sanitarias, pues a\u00fan esta enfermedad puede representar un grave peligro para la salud personal y familiar.<\/p>\n<p>\u201cTenemos que alertar porque estamos viendo variables de la pandemia, entonces es importante tener todos los cuidados, la prudencia epidemiol\u00f3gica debe ser la clave\u201d, dijo Carpio R\u00edos.<\/p>\n","protected":false},"excerpt":{"rendered":"<p>La secretaria de Salud de Michoac\u00e1n, Diana Carpio R\u00edos, inform\u00f3 que se\u00a0han detectado dos casos de la variante del Covid-19 de Reino Unido en Morelia, la Secretar\u00eda de Salud de Michoac\u00e1n, se\u00f1al\u00f3 que las variantes del Coronavirus tienen un potencial aumento o riesgo para la salud p\u00fablica, ya que se incrementa tambi\u00e9n la transmisi\u00f3n o [&hellip;]<\/p>\n","protected":false},"author":2,"featured_media":69929,"comment_status":"closed","ping_status":"closed","sticky":false,"template":"","format":"standard","meta":{"footnotes":""},"categories":[14],"tags":[],"class_list":["post-69928","post","type-post","status-publish","format-standard","has-post-thumbnail","hentry","category-destacadas"],"_links":{"self":[{"href":"https:\/\/radiowebmx.com\/nota\/wp-json\/wp\/v2\/posts\/69928","targetHints":{"allow":["GET"]}}],"collection":[{"href":"https:\/\/radiowebmx.com\/nota\/wp-json\/wp\/v2\/posts"}],"about":[{"href":"https:\/\/radiowebmx.com\/nota\/wp-json\/wp\/v2\/types\/post"}],"author":[{"embeddable":true,"href":"https:\/\/radiowebmx.com\/nota\/wp-json\/wp\/v2\/users\/2"}],"replies":[{"embeddable":true,"href":"https:\/\/radiowebmx.com\/nota\/wp-json\/wp\/v2\/comments?post=69928"}],"version-history":[{"count":1,"href":"https:\/\/radiowebmx.com\/nota\/wp-json\/wp\/v2\/posts\/69928\/revisions"}],"predecessor-version":[{"id":69930,"href":"https:\/\/radiowebmx.com\/nota\/wp-json\/wp\/v2\/posts\/69928\/revisions\/69930"}],"wp:featuredmedia":[{"embeddable":true,"href":"https:\/\/radiowebmx.com\/nota\/wp-json\/wp\/v2\/media\/69929"}],"wp:attachment":[{"href":"https:\/\/radiowebmx.com\/nota\/wp-json\/wp\/v2\/media?parent=69928"}],"wp:term":[{"taxonomy":"category","embeddable":true,"href":"https:\/\/radiowebmx.com\/nota\/wp-json\/wp\/v2\/categories?post=69928"},{"taxonomy":"post_tag","embeddable":true,"href":"https:\/\/radiowebmx.com\/nota\/wp-json\/wp\/v2\/tags?post=69928"}],"curies":[{"name":"wp","href":"https:\/\/api.w.org\/{rel}","templated":true}]}}