{"id":6989,"date":"2014-05-14T18:07:38","date_gmt":"2014-05-14T23:07:38","guid":{"rendered":"https:\/\/radiowebmx.com\/nota\/?p=6989"},"modified":"2014-05-14T18:07:38","modified_gmt":"2014-05-14T23:07:38","slug":"dif-estatal-emprende-acciones-todo-el-ano-en-beneficio-de-las-familias-que-mas-lo-necesitan","status":"publish","type":"post","link":"https:\/\/radiowebmx.com\/nota\/dif-estatal-emprende-acciones-todo-el-ano-en-beneficio-de-las-familias-que-mas-lo-necesitan\/","title":{"rendered":"DIF ESTATAL EMPRENDE ACCIONES TODO EL A\u00d1O EN BENEFICIO DE LAS FAMILIAS QUE M\u00c1S LO NECESITAN"},"content":{"rendered":"<p><a href=\"https:\/\/radiowebmx.com\/nota\/wp-content\/uploads\/2014\/05\/DSC4508.jpg\"><img loading=\"lazy\" decoding=\"async\" class=\"alignleft size-full wp-image-6990\" alt=\"_DSC4508\" src=\"https:\/\/radiowebmx.com\/nota\/wp-content\/uploads\/2014\/05\/DSC4508.jpg\" width=\"591\" height=\"405\" \/><\/a>En el marco del D\u00eda Internacional de la Familia, el Sistema para el Desarrollo Integral de la Familia (DIF) Michoac\u00e1n, que preside Patricia Mora de Vallejo, a trav\u00e9s de las diferentes \u00e1reas emprende diversas acciones.<\/p>\n<p>Este a\u00f1o el tema es \u201cLas familias son importantes para el logro de los Objetivos de Desarrollo; A\u00f1o Internacional de la Familia + 20\u201d, en este sentido, la presidenta honoraria del Sistema DIF Michoac\u00e1n,\u00a0 Patricia Mora afirm\u00f3 que el rescate y fomento de los valores familiares es una de las prioridades de la administraci\u00f3n del gobernador Fausto Vallejo Figueroa, por lo que se trabaja todos los d\u00edas de la mano con los Sistemas DIF Municipales para conseguir este objetivo.<\/p>\n<p>A du vez, la directora general del Sistema DIF Michoac\u00e1n, Nelly Sastr\u00e9 Gasca, detall\u00f3 que trav\u00e9s de la Direcci\u00f3n de Asistencia Social, se asiste de manera eficaz y oportuna a las familias en estado vulnerable de la entidad, fomentando valores y avivando la convivencia familiar de miles de michoacanos a trav\u00e9s del Programa \u201cMichoac\u00e1n de Pel\u00edcula\u201d, Cine M\u00f3vil en Familia; a trav\u00e9s de una proyecci\u00f3n cinematogr\u00e1fica, de corte infantil y que lleva un mensaje positivo para la poblaci\u00f3n en general.<\/p>\n<p>La Procuradur\u00eda de la Defensa del Menor y la Familia tambi\u00e9n ha realizado acciones concretas en defensa de los menores puestos a disposici\u00f3n, se llevan a cabo Convivencias para reintegraci\u00f3n, hogares provisionales y adopci\u00f3n de menores puestos a disposici\u00f3n del Sistema DIF con apoyo y vigilancia de psicolog\u00eda, trabajo social y jur\u00eddico, atenci\u00f3n psicol\u00f3gica a padres y peque\u00f1os, adem\u00e1s orientaciones\u00a0 a padres de menores para evitar juicio de p\u00e9rdida de la patria potestad.<\/p>\n<p>Por su parte en la direcci\u00f3n de Atenci\u00f3n a Familias en Estado Vulnerable y Enlace Municipal (AFEVEM) se les brinda asistencia a los michoacanos a trav\u00e9s de los programas alimentarios como: Desayunos Escolares, el cual promueve una alimentaci\u00f3n correcta en poblaci\u00f3n escolar mediante la entrega de alimentos fr\u00edos o calientes, o comidas dise\u00f1adas con base en criterios de calidad nutricional, acompa\u00f1ada de acciones de orientaci\u00f3n alimentaria beneficiando a 140 mil peque\u00f1os.<\/p>\n<p>&nbsp;<\/p>\n<p>Sastr\u00e9 Gasca record\u00f3 que tambi\u00e9n opera el programa de Asistencia a Alimentaria para Familias en Estado Vulnerable, que tiene como objetivo fortalecer la dieta de las familias en situaci\u00f3n de desamparo, a trav\u00e9s de un apoyo alimentario directo y temporal integrando acciones formativas que permitan el fomento de h\u00e1bitos \u00a0adecuados. El apoyo otorgado es una despensa mensual por familia, donde el proceso de selecci\u00f3n es a trav\u00e9s del DIF Municipal donde se manejan reglas de operaci\u00f3n y herramientas de selecci\u00f3n como: estudio socioecon\u00f3mico y entrevista familiar.<\/p>\n<p>&nbsp;<\/p>\n<p>Finalmente, el programa de Orientaci\u00f3n Alimentaria realiza acciones educativas en alimentaci\u00f3n y nutrici\u00f3n para el mejoramiento de los h\u00e1bitos alimenticios, contribuyendo as\u00ed a efectuar una correcta alimentaci\u00f3n individual y comunitaria. En este sentido, el Sistema DIF Michoac\u00e1n realiza capacitaciones y talleres de manera constante y eficaz a los promotores del programa de cada DIF municipal, donde se abordan temas de tan importantes como el uso y abuso del az\u00facar, el aceite y grasas. As\u00ed mismo se les entregan folletos, tr\u00edpticos y material did\u00e1ctico.<\/p>\n","protected":false},"excerpt":{"rendered":"<p>En el marco del D\u00eda Internacional de la Familia, el Sistema para el Desarrollo Integral de la Familia (DIF) Michoac\u00e1n, que preside Patricia Mora de Vallejo, a trav\u00e9s de las diferentes \u00e1reas emprende diversas acciones.<\/p>\n","protected":false},"author":1,"featured_media":0,"comment_status":"open","ping_status":"open","sticky":false,"template":"","format":"standard","meta":{"footnotes":""},"categories":[14,3],"tags":[],"class_list":["post-6989","post","type-post","status-publish","format-standard","hentry","category-destacadas","category-gobierno-del-estado-de-michoacan"],"_links":{"self":[{"href":"https:\/\/radiowebmx.com\/nota\/wp-json\/wp\/v2\/posts\/6989","targetHints":{"allow":["GET"]}}],"collection":[{"href":"https:\/\/radiowebmx.com\/nota\/wp-json\/wp\/v2\/posts"}],"about":[{"href":"https:\/\/radiowebmx.com\/nota\/wp-json\/wp\/v2\/types\/post"}],"author":[{"embeddable":true,"href":"https:\/\/radiowebmx.com\/nota\/wp-json\/wp\/v2\/users\/1"}],"replies":[{"embeddable":true,"href":"https:\/\/radiowebmx.com\/nota\/wp-json\/wp\/v2\/comments?post=6989"}],"version-history":[{"count":1,"href":"https:\/\/radiowebmx.com\/nota\/wp-json\/wp\/v2\/posts\/6989\/revisions"}],"predecessor-version":[{"id":6991,"href":"https:\/\/radiowebmx.com\/nota\/wp-json\/wp\/v2\/posts\/6989\/revisions\/6991"}],"wp:attachment":[{"href":"https:\/\/radiowebmx.com\/nota\/wp-json\/wp\/v2\/media?parent=6989"}],"wp:term":[{"taxonomy":"category","embeddable":true,"href":"https:\/\/radiowebmx.com\/nota\/wp-json\/wp\/v2\/categories?post=6989"},{"taxonomy":"post_tag","embeddable":true,"href":"https:\/\/radiowebmx.com\/nota\/wp-json\/wp\/v2\/tags?post=6989"}],"curies":[{"name":"wp","href":"https:\/\/api.w.org\/{rel}","templated":true}]}}