{"id":69866,"date":"2021-05-25T18:43:03","date_gmt":"2021-05-25T23:43:03","guid":{"rendered":"https:\/\/radiowebmx.com\/nota\/?p=69866"},"modified":"2021-05-25T18:43:03","modified_gmt":"2021-05-25T23:43:03","slug":"saneamiento-financiero-para-impulsar-desarrollo-economico-cristobal-arias","status":"publish","type":"post","link":"https:\/\/radiowebmx.com\/nota\/saneamiento-financiero-para-impulsar-desarrollo-economico-cristobal-arias\/","title":{"rendered":"SANEAMIENTO FINANCIERO PARA IMPULSAR DESARROLLO ECON\u00d3MICO: CRIST\u00d3BAL ARIAS"},"content":{"rendered":"<p>Morelia, Mich., 25 de mayo 2021.- Con la aplicaci\u00f3n de medidas para ordenar y sanear las finanzas, se podr\u00e1 contar con recursos para impulsar el desarrollo econ\u00f3mico de Michoac\u00e1n. La tarea no la podr\u00e1 hacer s\u00f3lo el gobierno, se requiere la participaci\u00f3n de empresarios e industriales; el sector privado debe tener certidumbre para generar las fuentes de trabajo que la gente requiere, propuso Crist\u00f3bal Arias Sol\u00eds ante directivos y afiliados de la C\u00e1mara Nacional de la Industria de la Transformaci\u00f3n (CANACINTRA) en esta capital.<\/p>\n<p>Entre dichas medidas, detall\u00f3 el candidato de Fuerza por M\u00e9xico (FxM) a la gubernatura, se encuentran una reforma administrativa gradual, la restructuraci\u00f3n y fusi\u00f3n de dependencias, la implementaci\u00f3n del gobierno digital, el ordenamiento del sector educativo, la revisi\u00f3n del aparato de gobierno, la disciplina en el gasto p\u00fablico, la aplicaci\u00f3n de verdaderas medidas de austeridad y tener de un presupuesto base cero, es decir, que \u00fanicamente se gaste lo que se ingrese a fin de terminar con los presupuestos deficitarios, a diferencia del paquete fiscal ejercido este a\u00f1o por el gobierno de Silvano Aureoles Conejo, que opera con n\u00fameros rojos por un monto de 7 mil millones de pesos.<\/p>\n<p>Arias Sol\u00eds fue recibido en las oficinas de la CANACINTRA por el presidente de dicha c\u00e1mara, Jorge Ulises Islas Partida, as\u00ed como Guillermo Valadez Ruiz y Mar\u00eda de los \u00c1ngeles Luna Anguiano, secretario y tesorera respectivamente, adem\u00e1s de Jos\u00e9 Mar\u00eda Ch\u00e1vez y otros integrantes del organismo, quienes se\u00f1alaron su preocupaci\u00f3n al desconocer a d\u00f3nde van a parar los impuestos sobre n\u00f3mina que paga el sector productivo y que se calculan en casi 1 mil millones de pesos.<\/p>\n<p>Candidato e industriales coincidieron en la cr\u00edtica situaci\u00f3n econ\u00f3mica del estado, agravada por la pandemia, sin que haya habido suficientes apoyos gubernamentales para el sector. El aspirante del partido rosa tambi\u00e9n repar\u00f3 en que casi la mitad de la poblaci\u00f3n michoacana padece de pobreza y casi un 5 por ciento de extrema pobreza.<\/p>\n","protected":false},"excerpt":{"rendered":"<p>Morelia, Mich., 25 de mayo 2021.- Con la aplicaci\u00f3n de medidas para ordenar y sanear las finanzas, se podr\u00e1 contar con recursos para impulsar el desarrollo econ\u00f3mico de Michoac\u00e1n. La tarea no la podr\u00e1 hacer s\u00f3lo el gobierno, se requiere la participaci\u00f3n de empresarios e industriales; el sector privado debe tener certidumbre para generar las [&hellip;]<\/p>\n","protected":false},"author":2,"featured_media":69867,"comment_status":"closed","ping_status":"closed","sticky":false,"template":"","format":"standard","meta":{"footnotes":""},"categories":[98],"tags":[],"class_list":["post-69866","post","type-post","status-publish","format-standard","has-post-thumbnail","hentry","category-elecciones-2021"],"_links":{"self":[{"href":"https:\/\/radiowebmx.com\/nota\/wp-json\/wp\/v2\/posts\/69866","targetHints":{"allow":["GET"]}}],"collection":[{"href":"https:\/\/radiowebmx.com\/nota\/wp-json\/wp\/v2\/posts"}],"about":[{"href":"https:\/\/radiowebmx.com\/nota\/wp-json\/wp\/v2\/types\/post"}],"author":[{"embeddable":true,"href":"https:\/\/radiowebmx.com\/nota\/wp-json\/wp\/v2\/users\/2"}],"replies":[{"embeddable":true,"href":"https:\/\/radiowebmx.com\/nota\/wp-json\/wp\/v2\/comments?post=69866"}],"version-history":[{"count":1,"href":"https:\/\/radiowebmx.com\/nota\/wp-json\/wp\/v2\/posts\/69866\/revisions"}],"predecessor-version":[{"id":69868,"href":"https:\/\/radiowebmx.com\/nota\/wp-json\/wp\/v2\/posts\/69866\/revisions\/69868"}],"wp:featuredmedia":[{"embeddable":true,"href":"https:\/\/radiowebmx.com\/nota\/wp-json\/wp\/v2\/media\/69867"}],"wp:attachment":[{"href":"https:\/\/radiowebmx.com\/nota\/wp-json\/wp\/v2\/media?parent=69866"}],"wp:term":[{"taxonomy":"category","embeddable":true,"href":"https:\/\/radiowebmx.com\/nota\/wp-json\/wp\/v2\/categories?post=69866"},{"taxonomy":"post_tag","embeddable":true,"href":"https:\/\/radiowebmx.com\/nota\/wp-json\/wp\/v2\/tags?post=69866"}],"curies":[{"name":"wp","href":"https:\/\/api.w.org\/{rel}","templated":true}]}}