{"id":69847,"date":"2021-05-24T19:08:21","date_gmt":"2021-05-25T00:08:21","guid":{"rendered":"https:\/\/radiowebmx.com\/nota\/?p=69847"},"modified":"2021-05-24T19:08:21","modified_gmt":"2021-05-25T00:08:21","slug":"se-elige-el-concejo-mayor-en-cheran","status":"publish","type":"post","link":"https:\/\/radiowebmx.com\/nota\/se-elige-el-concejo-mayor-en-cheran\/","title":{"rendered":"Se elige el Concejo Mayor en Cher\u00e1n"},"content":{"rendered":"<p style=\"text-align: center;\"><strong>Bajo la supervisi\u00f3n del IEM \u00a0se llev\u00f3 a cabo<\/strong><\/p>\n<p>\u00a0 \u00a0 \u00a0 Comuneros de Cher\u00e1n eligieron sin incidentes, a los nuevos integrantes del Concejo Comunal que estar\u00e1n en funciones hasta 2024<\/p>\n<p>Son nuestros usos y costumbres. Es la gente quien elige quien puede estar o no en el Consejo Mayor\u201d<\/p>\n<p>Aunque, para Hilario Ambrosio hace falta que se les d\u00e9 la oportunidad a los comuneros de elegir libremente y no cerrar las propuestas a 3 postulantes, cuando se pudo elegir m\u00e1s opciones.<\/p>\n<p>De acuerdo a la contabilidad final, 2 mil 221 personas acudieron a elegir a sus tres representantes en cada uno de los barrios.<\/p>\n<p>Los nuevos integrantes del Concejo Mayor son: Leonel Flores, Sonia X\u00f3chitl Guerrero S\u00e1nchez, Isabel Fabi\u00e1n Fabi\u00e1n, Josefina Vel\u00e1zquez Romero, Reinaldo Rom\u00e1n Vel\u00e1zquez y Sergio Vel\u00e1zquez Hern\u00e1ndez.<\/p>\n","protected":false},"excerpt":{"rendered":"<p>Bajo la supervisi\u00f3n del IEM \u00a0se llev\u00f3 a cabo \u00a0 \u00a0 \u00a0 Comuneros de Cher\u00e1n eligieron sin incidentes, a los nuevos integrantes del Concejo Comunal que estar\u00e1n en funciones hasta 2024 Son nuestros usos y costumbres. Es la gente quien elige quien puede estar o no en el Consejo Mayor\u201d Aunque, para Hilario Ambrosio hace [&hellip;]<\/p>\n","protected":false},"author":2,"featured_media":69848,"comment_status":"closed","ping_status":"closed","sticky":false,"template":"","format":"standard","meta":{"footnotes":""},"categories":[98],"tags":[],"class_list":["post-69847","post","type-post","status-publish","format-standard","has-post-thumbnail","hentry","category-elecciones-2021"],"_links":{"self":[{"href":"https:\/\/radiowebmx.com\/nota\/wp-json\/wp\/v2\/posts\/69847","targetHints":{"allow":["GET"]}}],"collection":[{"href":"https:\/\/radiowebmx.com\/nota\/wp-json\/wp\/v2\/posts"}],"about":[{"href":"https:\/\/radiowebmx.com\/nota\/wp-json\/wp\/v2\/types\/post"}],"author":[{"embeddable":true,"href":"https:\/\/radiowebmx.com\/nota\/wp-json\/wp\/v2\/users\/2"}],"replies":[{"embeddable":true,"href":"https:\/\/radiowebmx.com\/nota\/wp-json\/wp\/v2\/comments?post=69847"}],"version-history":[{"count":1,"href":"https:\/\/radiowebmx.com\/nota\/wp-json\/wp\/v2\/posts\/69847\/revisions"}],"predecessor-version":[{"id":69849,"href":"https:\/\/radiowebmx.com\/nota\/wp-json\/wp\/v2\/posts\/69847\/revisions\/69849"}],"wp:featuredmedia":[{"embeddable":true,"href":"https:\/\/radiowebmx.com\/nota\/wp-json\/wp\/v2\/media\/69848"}],"wp:attachment":[{"href":"https:\/\/radiowebmx.com\/nota\/wp-json\/wp\/v2\/media?parent=69847"}],"wp:term":[{"taxonomy":"category","embeddable":true,"href":"https:\/\/radiowebmx.com\/nota\/wp-json\/wp\/v2\/categories?post=69847"},{"taxonomy":"post_tag","embeddable":true,"href":"https:\/\/radiowebmx.com\/nota\/wp-json\/wp\/v2\/tags?post=69847"}],"curies":[{"name":"wp","href":"https:\/\/api.w.org\/{rel}","templated":true}]}}