{"id":69826,"date":"2021-05-24T09:59:11","date_gmt":"2021-05-24T14:59:11","guid":{"rendered":"https:\/\/radiowebmx.com\/nota\/?p=69826"},"modified":"2021-05-24T09:59:11","modified_gmt":"2021-05-24T14:59:11","slug":"apoyara-marx-aguirre-a-los-jovenes-para-frenar-fuga-de-talentos","status":"publish","type":"post","link":"https:\/\/radiowebmx.com\/nota\/apoyara-marx-aguirre-a-los-jovenes-para-frenar-fuga-de-talentos\/","title":{"rendered":"Apoyar\u00e1 Marx Aguirre a los j\u00f3venes para frenar fuga de talentos"},"content":{"rendered":"<p>Morelia, Michoac\u00e1n a 23 de mayo 2021.- Mediante la implementaci\u00f3n de programas como el del primer empleo para los j\u00f3venes morelianos, la candidata del Partido Verde Ecologista de M\u00e9xico (PVEM) al gobierno de Morelia, Marx Aguirre Ochoa buscar\u00e1 aminorar la fuga de talentos por falta de oportunidades que actualmente al municipio.<\/p>\n<p>Con la consolidaci\u00f3n de un gobierno ciudadano, la abanderada verde mantendr\u00e1 una sana y permanente relaci\u00f3n con las c\u00e1maras Empresariales a fin de garantizar las oportunidades de los estudiantes a generar experiencia laboral al egresar de las universidades.<\/p>\n<p>Dado que Morelia es una ciudad que concentra las oportunidades de educaci\u00f3n y formaci\u00f3n \u201clo que debemos evitar es que tanto quienes viven aqu\u00ed y estudian, como quienes se mudan a la ciudad para prepararse profesionalmente, vean su paso en el municipio como un puente en busca de ir a otro lugar donde las ofertas laborales sean mayores\u201d.<\/p>\n<p>En el marco del D\u00eda del Estudiante Marx Aguirre candidata a la alcald\u00eda de Morelia por el PVME, comparti\u00f3 sus acciones de ayuda al sector como la celebraci\u00f3n de convenios con las universidades para prestaci\u00f3n de servicio social en \u00e1reas de ingenier\u00eda civil, obras, vialidades, catastro, salud p\u00fablica, brigadas, centros de atenci\u00f3n; el establecimiento de becas municipales para el estudio j\u00f3venes sobresalientes y coordinar las medidas necesarias para favorecer la contrataci\u00f3n laboral municipal de j\u00f3venes, en cada una de sus \u00e1reas administrativas.<\/p>\n<p>Adem\u00e1s en su gobierno se consolidar\u00e1 la feria de j\u00f3venes empresarios: \u201cJuventud Emprendedora\u201d en la que se dar\u00e1 a conocer las iniciativas de los j\u00f3venes de la ciudad en materia empresarial y relacionar a proyectos empresariales consolidados con iniciativas emergentes.<\/p>\n<p>Esta acci\u00f3n se acompa\u00f1ar\u00e1 de la Creaci\u00f3n de la gu\u00eda de la red de negocios municipales, en la cual se busca recopilar y poner a disposici\u00f3n de los j\u00f3venes mediante una gu\u00eda que recoja toda la red de negocio existente en la ciudad, todo ello de la mano de la sociedad civil en la visi\u00f3n de un gobierno ciudadano.<\/p>\n","protected":false},"excerpt":{"rendered":"<p>Morelia, Michoac\u00e1n a 23 de mayo 2021.- Mediante la implementaci\u00f3n de programas como el del primer empleo para los j\u00f3venes morelianos, la candidata del Partido Verde Ecologista de M\u00e9xico (PVEM) al gobierno de Morelia, Marx Aguirre Ochoa buscar\u00e1 aminorar la fuga de talentos por falta de oportunidades que actualmente al municipio. Con la consolidaci\u00f3n de [&hellip;]<\/p>\n","protected":false},"author":2,"featured_media":69827,"comment_status":"closed","ping_status":"closed","sticky":false,"template":"","format":"standard","meta":{"footnotes":""},"categories":[98],"tags":[],"class_list":["post-69826","post","type-post","status-publish","format-standard","has-post-thumbnail","hentry","category-elecciones-2021"],"_links":{"self":[{"href":"https:\/\/radiowebmx.com\/nota\/wp-json\/wp\/v2\/posts\/69826","targetHints":{"allow":["GET"]}}],"collection":[{"href":"https:\/\/radiowebmx.com\/nota\/wp-json\/wp\/v2\/posts"}],"about":[{"href":"https:\/\/radiowebmx.com\/nota\/wp-json\/wp\/v2\/types\/post"}],"author":[{"embeddable":true,"href":"https:\/\/radiowebmx.com\/nota\/wp-json\/wp\/v2\/users\/2"}],"replies":[{"embeddable":true,"href":"https:\/\/radiowebmx.com\/nota\/wp-json\/wp\/v2\/comments?post=69826"}],"version-history":[{"count":1,"href":"https:\/\/radiowebmx.com\/nota\/wp-json\/wp\/v2\/posts\/69826\/revisions"}],"predecessor-version":[{"id":69828,"href":"https:\/\/radiowebmx.com\/nota\/wp-json\/wp\/v2\/posts\/69826\/revisions\/69828"}],"wp:featuredmedia":[{"embeddable":true,"href":"https:\/\/radiowebmx.com\/nota\/wp-json\/wp\/v2\/media\/69827"}],"wp:attachment":[{"href":"https:\/\/radiowebmx.com\/nota\/wp-json\/wp\/v2\/media?parent=69826"}],"wp:term":[{"taxonomy":"category","embeddable":true,"href":"https:\/\/radiowebmx.com\/nota\/wp-json\/wp\/v2\/categories?post=69826"},{"taxonomy":"post_tag","embeddable":true,"href":"https:\/\/radiowebmx.com\/nota\/wp-json\/wp\/v2\/tags?post=69826"}],"curies":[{"name":"wp","href":"https:\/\/api.w.org\/{rel}","templated":true}]}}