{"id":69711,"date":"2021-05-17T17:49:55","date_gmt":"2021-05-17T22:49:55","guid":{"rendered":"https:\/\/radiowebmx.com\/nota\/?p=69711"},"modified":"2021-05-17T17:49:55","modified_gmt":"2021-05-17T22:49:55","slug":"incentivos-fiscales-para-rescatar-la-economia-de-morelia-ivan-perez-negron","status":"publish","type":"post","link":"https:\/\/radiowebmx.com\/nota\/incentivos-fiscales-para-rescatar-la-economia-de-morelia-ivan-perez-negron\/","title":{"rendered":"Incentivos fiscales, para rescatar la econom\u00eda de Morelia: Iv\u00e1n P\u00e9rez Negr\u00f3n"},"content":{"rendered":"<p>Morelia, Michoac\u00e1n.- Iv\u00e1n P\u00e9rez Negr\u00f3n, candidato de la coalici\u00f3n Juntos Haremos Historia, que integran Morena y Partido del Trabajo a la alcald\u00eda de Morelia, present\u00f3 ante medios de comunicaci\u00f3n, acciones concretas para lograr el Rescate de la Econom\u00eda Moreliana a partir del primero de septiembre.<\/p>\n<p>\u201cLa gente ya decidi\u00f3 que Morena siga gobernando en Morelia, por eso ya estamos definiendo los perfiles que nos acompa\u00f1ar\u00e1n en el ayuntamiento y generando las acciones para rescatar la econom\u00eda moreliana\u201d.<\/p>\n<p>El candidato se\u00f1al\u00f3 que para apoyar la econom\u00eda de las familias morelianas \u201cen la Ley de Ingresos del municipio, no se contemplar\u00e1 el incremento a la inflaci\u00f3n para la actualizaci\u00f3n de cobro de contribuciones municipales\u201d.<\/p>\n<p>As\u00ed mismo, expuso que el comercio popular durante los primeros 9 meses del a\u00f1o, tendr\u00e1 un incentivo fiscal en el pago de derechos por ocupaci\u00f3n de la v\u00eda p\u00fablica y servicios de mercados.<\/p>\n<p>Por otra parte, para ayudar a quienes aspiran a ser proveedores del Ayuntamiento, se eliminar\u00e1 el concepto de Derechos por Inscripci\u00f3n a Padrones en el a\u00f1o 2022.<\/p>\n<p>Por lo que toca a la actividad cultural, en materia de los espect\u00e1culos p\u00fablicos que se celebran en Morelia, propondremos la disminuci\u00f3n de la tasa de un 4.5 a un 4% y para la industria del entretenimiento, bailes, jaripeos, entre otros, bajar\u00e1 de 5 a 4.5%.<\/p>\n<p>El Programa de Rescate para la Econom\u00eda Moreliana, propuesto por P\u00e9rez Negr\u00f3n, adem\u00e1s contempla apoyo a los negocios con cr\u00e9ditos y capacitaciones, desarrollo de las Tenencias, atracci\u00f3n de inversi\u00f3n y econom\u00eda circular, as\u00ed como posicionar a Morelia como la capital cultural y aprovechar que su ubicaci\u00f3n geogr\u00e1fica, para hacer de la capital del estado, diamante econ\u00f3mico de M\u00e9xico.<\/p>\n","protected":false},"excerpt":{"rendered":"<p>Morelia, Michoac\u00e1n.- Iv\u00e1n P\u00e9rez Negr\u00f3n, candidato de la coalici\u00f3n Juntos Haremos Historia, que integran Morena y Partido del Trabajo a la alcald\u00eda de Morelia, present\u00f3 ante medios de comunicaci\u00f3n, acciones concretas para lograr el Rescate de la Econom\u00eda Moreliana a partir del primero de septiembre. \u201cLa gente ya decidi\u00f3 que Morena siga gobernando en Morelia, [&hellip;]<\/p>\n","protected":false},"author":2,"featured_media":69712,"comment_status":"closed","ping_status":"closed","sticky":false,"template":"","format":"standard","meta":{"footnotes":""},"categories":[98],"tags":[],"class_list":["post-69711","post","type-post","status-publish","format-standard","has-post-thumbnail","hentry","category-elecciones-2021"],"_links":{"self":[{"href":"https:\/\/radiowebmx.com\/nota\/wp-json\/wp\/v2\/posts\/69711","targetHints":{"allow":["GET"]}}],"collection":[{"href":"https:\/\/radiowebmx.com\/nota\/wp-json\/wp\/v2\/posts"}],"about":[{"href":"https:\/\/radiowebmx.com\/nota\/wp-json\/wp\/v2\/types\/post"}],"author":[{"embeddable":true,"href":"https:\/\/radiowebmx.com\/nota\/wp-json\/wp\/v2\/users\/2"}],"replies":[{"embeddable":true,"href":"https:\/\/radiowebmx.com\/nota\/wp-json\/wp\/v2\/comments?post=69711"}],"version-history":[{"count":1,"href":"https:\/\/radiowebmx.com\/nota\/wp-json\/wp\/v2\/posts\/69711\/revisions"}],"predecessor-version":[{"id":69713,"href":"https:\/\/radiowebmx.com\/nota\/wp-json\/wp\/v2\/posts\/69711\/revisions\/69713"}],"wp:featuredmedia":[{"embeddable":true,"href":"https:\/\/radiowebmx.com\/nota\/wp-json\/wp\/v2\/media\/69712"}],"wp:attachment":[{"href":"https:\/\/radiowebmx.com\/nota\/wp-json\/wp\/v2\/media?parent=69711"}],"wp:term":[{"taxonomy":"category","embeddable":true,"href":"https:\/\/radiowebmx.com\/nota\/wp-json\/wp\/v2\/categories?post=69711"},{"taxonomy":"post_tag","embeddable":true,"href":"https:\/\/radiowebmx.com\/nota\/wp-json\/wp\/v2\/tags?post=69711"}],"curies":[{"name":"wp","href":"https:\/\/api.w.org\/{rel}","templated":true}]}}