{"id":69696,"date":"2021-05-16T21:26:25","date_gmt":"2021-05-17T02:26:25","guid":{"rendered":"https:\/\/radiowebmx.com\/nota\/?p=69696"},"modified":"2021-05-16T21:26:25","modified_gmt":"2021-05-17T02:26:25","slug":"maestros-pilares-humanos-mas-valiosos-de-michoacan-gobernador","status":"publish","type":"post","link":"https:\/\/radiowebmx.com\/nota\/maestros-pilares-humanos-mas-valiosos-de-michoacan-gobernador\/","title":{"rendered":"Maestros, pilares humanos m\u00e1s valiosos de Michoac\u00e1n: Gobernador"},"content":{"rendered":"<p><em><strong>\u2022 Reconocen trayectoria de 941 docentes en el D\u00eda del Reconocimiento al Maestro Michoacano<\/strong><\/em><\/p>\n<p>Las y los maestros son uno de los pilares m\u00e1s valiosos que tiene el estado para construir una mejor sociedad, afirm\u00f3 el Gobernador Silvano Aureoles Conejo en el marco de la celebraci\u00f3n por el D\u00eda del Reconocimiento al Maestro Michoacano.<\/p>\n<p>\u201cAl igual que las enfermeras, personal m\u00e9dico y de seguridad, las maestras y maestros han demostrado que son uno de los pilares humanos m\u00e1s valiosos de Michoac\u00e1n, ustedes evitaron que muchas ni\u00f1as, ni\u00f1os y j\u00f3venes abandonaran la escuela en este periodo tan dif\u00edcil por el COVID-19\u201d, dijo Silvano Aureoles.<\/p>\n<p>El mandatario se\u00f1al\u00f3 que, este a\u00f1o el D\u00eda del Maestro tiene una relevancia especial y es necesario reconocer la enorme contribuci\u00f3n y los retos que han enfrentado las y los docentes para inspirar y formar a las ni\u00f1as, ni\u00f1os y j\u00f3venes.<\/p>\n<p>\u201cNo hay duda en que uno de los h\u00e9roes en esta epidemia ha sido y seguir\u00e1n siendo las y los maestros y por eso, desde hace m\u00e1s tres a\u00f1os decid\u00ed emprender un largo camino para federalizar la n\u00f3mina en Michoac\u00e1n, queremos que el proceso se cumpla al 100%, para que a las y los maestros se les pague en tiempo y forma, y lo m\u00e1s importante, que las ni\u00f1as y ni\u00f1os tengan una educaci\u00f3n de calidad\u201d, puntualiz\u00f3.<\/p>\n<p>En el evento se homenajearon a 941 maestras y maestros con una trayectoria de 30, 40 y 50 a\u00f1os de docencia, y se entregaron las preseas \u201cPresidente L\u00e1zaro C\u00e1rdenas\u201d, \u201cMaestro Ignacio Manuel Altamirano\u201d, \u201cMaestro Rafael Ram\u00edrez\u201d y \u201cReformador Melchor Ocampo\u201d.<\/p>\n<p>En representaci\u00f3n de los homenajeados el maestro Norberto Alcocer P\u00e9rez, se\u00f1al\u00f3 que las y las docentes \u201cnos encontramos con imprevistos en cada ciclo escolar, pero que s\u00e9 que con su esfuerzo y motivaci\u00f3n logramos una actitud de cambio en la vida de las y las estudiantes, m\u00e1s a\u00fan en este ciclo\u201d.<\/p>\n<p>En su oportunidad, el secretario de Educaci\u00f3n el Estado, H\u00e9ctor Ayala Morales, destac\u00f3 y agradeci\u00f3 la labor docente, como un factor de cambio para la sociedad.<\/p>\n<p>\u201cMaestras y maestros, si\u00e9ntanse orgullosos de saber que su vocaci\u00f3n y sus historias de vida, son el motor que ha hecho posible cambiar la vida de muchas generaciones, nuestro aprecio y respeto sincero a quienes decidieron dedicar su vida y saberes a una escuela, a sus alumnos y al reto enorme de la ense\u00f1anza\u201d, recalc\u00f3.<\/p>\n","protected":false},"excerpt":{"rendered":"<p>\u2022 Reconocen trayectoria de 941 docentes en el D\u00eda del Reconocimiento al Maestro Michoacano Las y los maestros son uno de los pilares m\u00e1s valiosos que tiene el estado para construir una mejor sociedad, afirm\u00f3 el Gobernador Silvano Aureoles Conejo en el marco de la celebraci\u00f3n por el D\u00eda del Reconocimiento al Maestro Michoacano. \u201cAl [&hellip;]<\/p>\n","protected":false},"author":2,"featured_media":69697,"comment_status":"closed","ping_status":"closed","sticky":false,"template":"","format":"standard","meta":{"footnotes":""},"categories":[3],"tags":[],"class_list":["post-69696","post","type-post","status-publish","format-standard","has-post-thumbnail","hentry","category-gobierno-del-estado-de-michoacan"],"_links":{"self":[{"href":"https:\/\/radiowebmx.com\/nota\/wp-json\/wp\/v2\/posts\/69696","targetHints":{"allow":["GET"]}}],"collection":[{"href":"https:\/\/radiowebmx.com\/nota\/wp-json\/wp\/v2\/posts"}],"about":[{"href":"https:\/\/radiowebmx.com\/nota\/wp-json\/wp\/v2\/types\/post"}],"author":[{"embeddable":true,"href":"https:\/\/radiowebmx.com\/nota\/wp-json\/wp\/v2\/users\/2"}],"replies":[{"embeddable":true,"href":"https:\/\/radiowebmx.com\/nota\/wp-json\/wp\/v2\/comments?post=69696"}],"version-history":[{"count":1,"href":"https:\/\/radiowebmx.com\/nota\/wp-json\/wp\/v2\/posts\/69696\/revisions"}],"predecessor-version":[{"id":69698,"href":"https:\/\/radiowebmx.com\/nota\/wp-json\/wp\/v2\/posts\/69696\/revisions\/69698"}],"wp:featuredmedia":[{"embeddable":true,"href":"https:\/\/radiowebmx.com\/nota\/wp-json\/wp\/v2\/media\/69697"}],"wp:attachment":[{"href":"https:\/\/radiowebmx.com\/nota\/wp-json\/wp\/v2\/media?parent=69696"}],"wp:term":[{"taxonomy":"category","embeddable":true,"href":"https:\/\/radiowebmx.com\/nota\/wp-json\/wp\/v2\/categories?post=69696"},{"taxonomy":"post_tag","embeddable":true,"href":"https:\/\/radiowebmx.com\/nota\/wp-json\/wp\/v2\/tags?post=69696"}],"curies":[{"name":"wp","href":"https:\/\/api.w.org\/{rel}","templated":true}]}}