{"id":69693,"date":"2021-05-16T21:24:58","date_gmt":"2021-05-17T02:24:58","guid":{"rendered":"https:\/\/radiowebmx.com\/nota\/?p=69693"},"modified":"2021-05-16T21:24:58","modified_gmt":"2021-05-17T02:24:58","slug":"confia-el-frente-de-organizaciones-civiles-en-alfonso-para-dotar-de-agua-a-la-ciudad","status":"publish","type":"post","link":"https:\/\/radiowebmx.com\/nota\/confia-el-frente-de-organizaciones-civiles-en-alfonso-para-dotar-de-agua-a-la-ciudad\/","title":{"rendered":"Conf\u00eda el Frente de Organizaciones Civiles en Alfonso para dotar de agua a la ciudad"},"content":{"rendered":"<p>Morelia, Michoac\u00e1n. \u2013 Resolver el problema del desabasto del agua en la zona norte de Morelia, ser\u00e1 una de las prioridades del gobierno de Alfonso Mart\u00ednez, afirm\u00f3 el candidato del PAN y PRD a la alcald\u00eda capitalina.<\/p>\n<p>Alfonso Mart\u00ednez lament\u00f3 que el actual gobierno ignore a las organizaciones sociales y lejos de apoyarlas las quiera desaparecer, adem\u00e1s de destruir lo que con tanto esfuerzo se logr\u00f3 durante su administraci\u00f3n.<\/p>\n<p>Destac\u00f3 que todo Morelia tiene desabasto de agua, pero \u00e9l ya cuenta con un proyecto para resolver la situaci\u00f3n en la capital michoacana.<\/p>\n<p>Se aprovechar\u00e1 el estudio hidrol\u00f3gico que ya realiz\u00f3 el Frente de Organizaciones Sociales junto con los vecinos para la perforaci\u00f3n de un pozo de agua y de esta forma proporcionarles el vital l\u00edquido.<\/p>\n<p>Mart\u00ednez Alc\u00e1zar record\u00f3 que hace tres a\u00f1os durante su administraci\u00f3n, se perfor\u00f3 un pozo en la zona de la Aldea pero ya no se pudo conectar a la red porque concluy\u00f3 su gobierno, sin embargo el Ayuntamiento morenista no ha sido ni siquiera capaz de hacer esa conexi\u00f3n para que la poblaci\u00f3n de esa zona deje de tener esas carencias.<\/p>\n<p>Manuel Gonz\u00e1lez, integrante del Frente de Organizaciones Sociales explic\u00f3 que la actual administraci\u00f3n municipal trat\u00f3 de desintegrar su organizaci\u00f3n y nunca los escuch\u00f3, pero conocen a Alfonso Mart\u00ednez, quien les apoy\u00f3 anteriormente y saben que una vez que vuelva a gobernar Morelia todo ser\u00e1 diferente.<\/p>\n<p>Los asistentes vitorearon porras en apoyo a Alfonso Mart\u00ednez y le dijeron que cuente con sus votos el pr\u00f3ximo 6 de junio. En dicho evento estuvieron presentes Manuel Alcal\u00e1, dirigente del Frente de Organizaciones Civiles, Manuel Gonz\u00e1lez, integrante del Frente de Organizaciones Civiles y Antonio Prats, l\u00edder de las colonias, as\u00ed como integrantes de su planilla.<\/p>\n<p>Alfonso estuvo en la colonia 17 de julio, donde tambi\u00e9n hicieron acto de presencia vecinos de las colonias 13 de abril, Vistas de Torre\u00f3n, Lomas de Torre\u00f3n, Ampliaci\u00f3n Torre\u00f3n Nuevo y Gertrudis S\u00e1nchez Segunda etapa, qui\u00e9nes padecen por la falta de agua potable.<\/p>\n","protected":false},"excerpt":{"rendered":"<p>Morelia, Michoac\u00e1n. \u2013 Resolver el problema del desabasto del agua en la zona norte de Morelia, ser\u00e1 una de las prioridades del gobierno de Alfonso Mart\u00ednez, afirm\u00f3 el candidato del PAN y PRD a la alcald\u00eda capitalina. Alfonso Mart\u00ednez lament\u00f3 que el actual gobierno ignore a las organizaciones sociales y lejos de apoyarlas las quiera [&hellip;]<\/p>\n","protected":false},"author":2,"featured_media":69694,"comment_status":"closed","ping_status":"closed","sticky":false,"template":"","format":"standard","meta":{"footnotes":""},"categories":[98],"tags":[],"class_list":["post-69693","post","type-post","status-publish","format-standard","has-post-thumbnail","hentry","category-elecciones-2021"],"_links":{"self":[{"href":"https:\/\/radiowebmx.com\/nota\/wp-json\/wp\/v2\/posts\/69693","targetHints":{"allow":["GET"]}}],"collection":[{"href":"https:\/\/radiowebmx.com\/nota\/wp-json\/wp\/v2\/posts"}],"about":[{"href":"https:\/\/radiowebmx.com\/nota\/wp-json\/wp\/v2\/types\/post"}],"author":[{"embeddable":true,"href":"https:\/\/radiowebmx.com\/nota\/wp-json\/wp\/v2\/users\/2"}],"replies":[{"embeddable":true,"href":"https:\/\/radiowebmx.com\/nota\/wp-json\/wp\/v2\/comments?post=69693"}],"version-history":[{"count":1,"href":"https:\/\/radiowebmx.com\/nota\/wp-json\/wp\/v2\/posts\/69693\/revisions"}],"predecessor-version":[{"id":69695,"href":"https:\/\/radiowebmx.com\/nota\/wp-json\/wp\/v2\/posts\/69693\/revisions\/69695"}],"wp:featuredmedia":[{"embeddable":true,"href":"https:\/\/radiowebmx.com\/nota\/wp-json\/wp\/v2\/media\/69694"}],"wp:attachment":[{"href":"https:\/\/radiowebmx.com\/nota\/wp-json\/wp\/v2\/media?parent=69693"}],"wp:term":[{"taxonomy":"category","embeddable":true,"href":"https:\/\/radiowebmx.com\/nota\/wp-json\/wp\/v2\/categories?post=69693"},{"taxonomy":"post_tag","embeddable":true,"href":"https:\/\/radiowebmx.com\/nota\/wp-json\/wp\/v2\/tags?post=69693"}],"curies":[{"name":"wp","href":"https:\/\/api.w.org\/{rel}","templated":true}]}}