{"id":69688,"date":"2021-05-16T21:20:03","date_gmt":"2021-05-17T02:20:03","guid":{"rendered":"https:\/\/radiowebmx.com\/nota\/?p=69688"},"modified":"2021-05-16T21:20:03","modified_gmt":"2021-05-17T02:20:03","slug":"el-pri-es-la-fuerza-de-michoacan","status":"publish","type":"post","link":"https:\/\/radiowebmx.com\/nota\/el-pri-es-la-fuerza-de-michoacan\/","title":{"rendered":"El PRI es la fuerza de Michoac\u00e1n"},"content":{"rendered":"<p><strong>Gracias a trabajo de nuestra militancia vamos a ganar: Eligio Gonz\u00e1lez Far\u00edas.<br \/>\nEl PRI ha demostrado su fuerza pol\u00edtica y se ha renovado: Alejandro Moreno C\u00e1rdenas.<\/strong><\/p>\n<p>Morelia, Michoac\u00e1n a 16 de mayo de 2021. Ante militantes y simpatizantes del Partido Revolucionario Institucional (PRI), concentrados en el Centro Hist\u00f3rico de Morelia, el presidente del Comit\u00e9 Directivo Estatal (CDE), Eligio Gonz\u00e1lez Far\u00edas, agradeci\u00f3 el apoyo y esfuerzo que han realizado, los cuales permitir\u00e1n el triunfo en las urnas el pr\u00f3ximo 6 de junio.<\/p>\n<p>En el encuentro con la militancia priista, estuvo acompa\u00f1ado por la Secretaria General del CDE, Mar\u00eda del Roc\u00edo Luqu\u00edn y refrend\u00f3 su respaldo a las y los candidatos a diputados federales y locales y a presidentes municipales, como Memo Valencia de quien asegur\u00f3, ganar\u00e1 Morelia.<\/p>\n<p>\u201cEstamos bien, muy contentos, porque la promoci\u00f3n del voto en las colonias y los municipios, acreditan que somos la fuerza de Michoac\u00e1n, por ello, nos quedamos en el PRI. Lo mejor de PRI se qued\u00f3 en el PRI\u201d, indic\u00f3.<\/p>\n<p>Por su parte, el presidente del CEN del PRI, Alejandro Moreno C\u00e1rdenas, destac\u00f3 el compromiso de las y los priistas de Michoac\u00e1n, necesarios para regresar a la ciudadan\u00eda los apoyos y programas sociales que el gobierno de Morena ha cancelado, como Prospera, estancias infantiles, seguridad p\u00fablica y refugios para mujeres.<\/p>\n<p>Tambi\u00e9n explic\u00f3 que para obtener m\u00e1s esca\u00f1os en la C\u00e1mara de Diputados, la ciudadan\u00eda debe implementar el voto \u00fatil, a fin de gestionar todos los apoyos necesarios para cubrir las necesidades de Michoac\u00e1n.<\/p>\n<p>El titular del CEN insisti\u00f3 en que el 6 de junio Michoac\u00e1n se juega su presente y su futuro y pidi\u00f3 respaldar a Memo Valencia por el municipio de Morelia.<\/p>\n<p>El candidato a la presidencia municipal de Morelia, Memo Valencia Reyes, asegur\u00f3 que en Morelia se definir\u00e1 el triunfo de Carlos Herrera Tello como gobernador de Michoac\u00e1n y se\u00f1al\u00f3 que \u201cm\u00e1s all\u00e1 de filias y fobias, de cari\u00f1os o rencores, debemos ver por M\u00e9xico, por eso hay que votar cuatro veces PRI\u201d.<\/p>\n<p>En el marco del evento, el candidato a la Gubernatura de Michoac\u00e1n, Carlos Herrera Tello, se mostr\u00f3 agradecido con el PRI, porque hablar del tricolor es hablar de mujeres y hombres que han forjado la vida pol\u00edtica de M\u00e9xico.<\/p>\n<p>\u201cLa historia lo respalda, el PRI trabaj\u00f3 por la paz, las leyes y las instituciones y le dio voz al pueblo, el mismo que hoy exige cambios y resultados. <a href=\"https:\/\/radiowebmx.com\/nota\/wp-content\/uploads\/2021\/05\/PRI-M.jpg\"><img loading=\"lazy\" decoding=\"async\" class=\" wp-image-69691 alignleft\" src=\"https:\/\/radiowebmx.com\/nota\/wp-content\/uploads\/2021\/05\/PRI-M-595x396.jpg\" alt=\"\" width=\"499\" height=\"332\" srcset=\"https:\/\/radiowebmx.com\/nota\/wp-content\/uploads\/2021\/05\/PRI-M-595x396.jpg 595w, https:\/\/radiowebmx.com\/nota\/wp-content\/uploads\/2021\/05\/PRI-M-272x182.jpg 272w, https:\/\/radiowebmx.com\/nota\/wp-content\/uploads\/2021\/05\/PRI-M.jpg 630w\" sizes=\"auto, (max-width: 499px) 100vw, 499px\" \/><\/a>El PRI ha demostrado madurez pol\u00edtica, se ha renovado y est\u00e1 m\u00e1s fuerte que nunca\u201d, reconoci\u00f3.<\/p>\n<p>Adem\u00e1s, expuso que Michoac\u00e1n no solo exige un gobierno ciudadano y transparente, sino que rechaza a quienes representan el peor pasado del estado.<\/p>\n<p>Entre los asistentes, tambi\u00e9n estuvieron presentes el delegado general del CEN, Hugo Contreras Zepeda; los candidatos a diputados federales Roberto Carlos L\u00f3pez y Marco Polo Aguirre Ch\u00e1vez; la candidata a diputada local distrito XVI, Rosy Vanegas Gardu\u00f1o; la candidata suplente a diputada local distrito XI, Yanitzi Palomo Calder\u00f3n; el candidato suplente a diputado local distrito XVII, Conrado Coronado Mej\u00eda; erre otros, as\u00ed como l\u00edderes de sectores y organizaciones.<\/p>\n","protected":false},"excerpt":{"rendered":"<p>Gracias a trabajo de nuestra militancia vamos a ganar: Eligio Gonz\u00e1lez Far\u00edas. El PRI ha demostrado su fuerza pol\u00edtica y se ha renovado: Alejandro Moreno C\u00e1rdenas. Morelia, Michoac\u00e1n a 16 de mayo de 2021. Ante militantes y simpatizantes del Partido Revolucionario Institucional (PRI), concentrados en el Centro Hist\u00f3rico de Morelia, el presidente del Comit\u00e9 Directivo [&hellip;]<\/p>\n","protected":false},"author":2,"featured_media":69689,"comment_status":"closed","ping_status":"closed","sticky":false,"template":"","format":"standard","meta":{"footnotes":""},"categories":[98],"tags":[],"class_list":["post-69688","post","type-post","status-publish","format-standard","has-post-thumbnail","hentry","category-elecciones-2021"],"_links":{"self":[{"href":"https:\/\/radiowebmx.com\/nota\/wp-json\/wp\/v2\/posts\/69688","targetHints":{"allow":["GET"]}}],"collection":[{"href":"https:\/\/radiowebmx.com\/nota\/wp-json\/wp\/v2\/posts"}],"about":[{"href":"https:\/\/radiowebmx.com\/nota\/wp-json\/wp\/v2\/types\/post"}],"author":[{"embeddable":true,"href":"https:\/\/radiowebmx.com\/nota\/wp-json\/wp\/v2\/users\/2"}],"replies":[{"embeddable":true,"href":"https:\/\/radiowebmx.com\/nota\/wp-json\/wp\/v2\/comments?post=69688"}],"version-history":[{"count":1,"href":"https:\/\/radiowebmx.com\/nota\/wp-json\/wp\/v2\/posts\/69688\/revisions"}],"predecessor-version":[{"id":69692,"href":"https:\/\/radiowebmx.com\/nota\/wp-json\/wp\/v2\/posts\/69688\/revisions\/69692"}],"wp:featuredmedia":[{"embeddable":true,"href":"https:\/\/radiowebmx.com\/nota\/wp-json\/wp\/v2\/media\/69689"}],"wp:attachment":[{"href":"https:\/\/radiowebmx.com\/nota\/wp-json\/wp\/v2\/media?parent=69688"}],"wp:term":[{"taxonomy":"category","embeddable":true,"href":"https:\/\/radiowebmx.com\/nota\/wp-json\/wp\/v2\/categories?post=69688"},{"taxonomy":"post_tag","embeddable":true,"href":"https:\/\/radiowebmx.com\/nota\/wp-json\/wp\/v2\/tags?post=69688"}],"curies":[{"name":"wp","href":"https:\/\/api.w.org\/{rel}","templated":true}]}}