{"id":69674,"date":"2021-05-12T21:52:14","date_gmt":"2021-05-13T02:52:14","guid":{"rendered":"https:\/\/radiowebmx.com\/nota\/?p=69674"},"modified":"2021-05-12T21:52:14","modified_gmt":"2021-05-13T02:52:14","slug":"transformar-el-rostro-de-la-ciudad-para-desarrollar-y-revolucionar-morelia-memo-valencia","status":"publish","type":"post","link":"https:\/\/radiowebmx.com\/nota\/transformar-el-rostro-de-la-ciudad-para-desarrollar-y-revolucionar-morelia-memo-valencia\/","title":{"rendered":"Transformar el rostro de la ciudad para desarrollar y revolucionar Morelia: Memo Valencia"},"content":{"rendered":"<p style=\"text-align: center;\"><strong>\u2022 El candidato priista a la Presidencia Municipal se reuni\u00f3 con socios de la Canaco Servitur Morelia para exponer su propuesta integral para trabajar con todos los sectores del municipio.<\/strong><\/p>\n<p>Morelia, Michoac\u00e1n, a 12 de mayo de 2021.- Memo Valencia, candidato del PRI a la Presidencia Municipal de Morelia, cuenta con un proyecto integral para poner orden y se note desde el primer d\u00eda de su administraci\u00f3n, asegur\u00f3 durante su participaci\u00f3n en un foro realizado por la C\u00e1mara Nacional de Comercio, Servicios y Turismo de Morelia, Canaco Servitur.<br \/>\nSu agenda de trabajo girar\u00e1 en torno de los intereses de la ciudad y no de unos cuantos sectores cupulares; conoce el cansancio en el cual se encuentran los comerciantes porque administraciones recientes no los han escuchado y realizan obras donde no se ocupan, as\u00ed como tr\u00e1mites eternos para fomentar corrupci\u00f3n y moches, abund\u00f3 el aspirante priista.<br \/>\n\u00bbTengo una propuesta integral para Morelia, orden para que vaya prioridad, para que haya desarrollo, para que haya seguridad, para que haya empleo, para que haya inversi\u00f3n, necesitamos poner orden desde el primer d\u00eda, pero orden de a deber\u00e1s, que se note. Para poner orden se necesita decisi\u00f3n, car\u00e1cter, se ocupa autoridad, se ocupa pantalones\u201d, mencion\u00f3 Memo Valencia.<br \/>\nMemo valencia, defini\u00f3 al eje de seguridad como una prioridad para trabajar una vez llegue al gobierno municipal de Morelia; indic\u00f3 en la necesidad de terminar con la delincuencia y as\u00ed sacar a la capital michoacana de la lista de ciudades m\u00e1s inseguras del mundo.<br \/>\n\u00bbVamos a hacer de Morelia la ciudad m\u00e1s segura de M\u00e9xico y vamos a quitar ese deshonrosa lugar que tenemos de ser una de las ciudades m\u00e1s inseguras del mundo, y bueno, vamos a continuar con ese modelo de polic\u00eda municipal que quiero aclarar, puntualizar, inici\u00f3 un presidente municipal priista, Wilfrido L\u00e1zaro Medina, con toda la actitud y las ganas de trabajar vengo ante ustedes a asumir el compromiso de que en Memo Valencia tendr\u00e1n una aliado, un aliado que va a luchar porque esta ciudad recupere la grandeza que por muchos a\u00f1os tuvimos que hemos visto con mucha tristeza como otras ciudades se desarrollan, crecen de forma acelerada y Morelia no da ese brinco a pesar de ese potencial que tenemos\u201d.<\/p>\n","protected":false},"excerpt":{"rendered":"<p>\u2022 El candidato priista a la Presidencia Municipal se reuni\u00f3 con socios de la Canaco Servitur Morelia para exponer su propuesta integral para trabajar con todos los sectores del municipio. Morelia, Michoac\u00e1n, a 12 de mayo de 2021.- Memo Valencia, candidato del PRI a la Presidencia Municipal de Morelia, cuenta con un proyecto integral para [&hellip;]<\/p>\n","protected":false},"author":2,"featured_media":69675,"comment_status":"closed","ping_status":"closed","sticky":false,"template":"","format":"standard","meta":{"footnotes":""},"categories":[98],"tags":[],"class_list":["post-69674","post","type-post","status-publish","format-standard","has-post-thumbnail","hentry","category-elecciones-2021"],"_links":{"self":[{"href":"https:\/\/radiowebmx.com\/nota\/wp-json\/wp\/v2\/posts\/69674","targetHints":{"allow":["GET"]}}],"collection":[{"href":"https:\/\/radiowebmx.com\/nota\/wp-json\/wp\/v2\/posts"}],"about":[{"href":"https:\/\/radiowebmx.com\/nota\/wp-json\/wp\/v2\/types\/post"}],"author":[{"embeddable":true,"href":"https:\/\/radiowebmx.com\/nota\/wp-json\/wp\/v2\/users\/2"}],"replies":[{"embeddable":true,"href":"https:\/\/radiowebmx.com\/nota\/wp-json\/wp\/v2\/comments?post=69674"}],"version-history":[{"count":1,"href":"https:\/\/radiowebmx.com\/nota\/wp-json\/wp\/v2\/posts\/69674\/revisions"}],"predecessor-version":[{"id":69676,"href":"https:\/\/radiowebmx.com\/nota\/wp-json\/wp\/v2\/posts\/69674\/revisions\/69676"}],"wp:featuredmedia":[{"embeddable":true,"href":"https:\/\/radiowebmx.com\/nota\/wp-json\/wp\/v2\/media\/69675"}],"wp:attachment":[{"href":"https:\/\/radiowebmx.com\/nota\/wp-json\/wp\/v2\/media?parent=69674"}],"wp:term":[{"taxonomy":"category","embeddable":true,"href":"https:\/\/radiowebmx.com\/nota\/wp-json\/wp\/v2\/categories?post=69674"},{"taxonomy":"post_tag","embeddable":true,"href":"https:\/\/radiowebmx.com\/nota\/wp-json\/wp\/v2\/tags?post=69674"}],"curies":[{"name":"wp","href":"https:\/\/api.w.org\/{rel}","templated":true}]}}