{"id":69671,"date":"2021-05-12T21:48:18","date_gmt":"2021-05-13T02:48:18","guid":{"rendered":"https:\/\/radiowebmx.com\/nota\/?p=69671"},"modified":"2021-05-12T21:48:18","modified_gmt":"2021-05-13T02:48:18","slug":"reconoce-gobernador-a-los-trabajadores-de-enfermeria-en-su-dia","status":"publish","type":"post","link":"https:\/\/radiowebmx.com\/nota\/reconoce-gobernador-a-los-trabajadores-de-enfermeria-en-su-dia\/","title":{"rendered":"Reconoce Gobernador a los trabajadores de enfermer\u00eda en su d\u00eda"},"content":{"rendered":"<p style=\"text-align: center;\"><strong>\u2022 Estoy inmensamente orgulloso de ustedes que siempre act\u00faan pensando en salvar vidas por encima de cualquier cosa, destaca<\/strong><br \/>\n<strong>\u2022 Son el gremio m\u00e1s importante, destaca la titular de SSM<\/strong><\/p>\n<p style=\"text-align: left;\">\nEl papel que desempe\u00f1a todo el personal de enfermer\u00eda en el cuidado de la salud de las y los michoacanos fue reconocido por el Gobierno del Estado durante una ceremonia por la conmemoraci\u00f3n del D\u00eda Nacional e Internacional de la Enfermer\u00eda.<br \/>\n\u201cReconozco su entrega, trabajo y dedicaci\u00f3n de siempre, y m\u00e1s ahora que ha habido momentos muy cr\u00edticos por la pandemia, estoy inmensamente orgulloso de ustedes porque en Michoac\u00e1n se pudo hacer una contenci\u00f3n adecuada y ustedes siempre han actuando pensando en salvar vidas por encima de cualquier cosa\u201d, afirm\u00f3 el Gobernador Silvano Aureoles Conejo.<br \/>\nDurante el acto en que se entregaron reconocimientos y se otorgaron la preseas Secretar\u00eda de Salud y Gobierno del Estado, el mandatario se\u00f1al\u00f3 que \u201clas y los enfermeros se han convertido en las hero\u00ednas y h\u00e9roes al brindar un trato humano y digno a las personas\u201d.<\/p>\n","protected":false},"excerpt":{"rendered":"<p>\u2022 Estoy inmensamente orgulloso de ustedes que siempre act\u00faan pensando en salvar vidas por encima de cualquier cosa, destaca \u2022 Son el gremio m\u00e1s importante, destaca la titular de SSM El papel que desempe\u00f1a todo el personal de enfermer\u00eda en el cuidado de la salud de las y los michoacanos fue reconocido por el Gobierno [&hellip;]<\/p>\n","protected":false},"author":2,"featured_media":69672,"comment_status":"closed","ping_status":"closed","sticky":false,"template":"","format":"standard","meta":{"footnotes":""},"categories":[3],"tags":[],"class_list":["post-69671","post","type-post","status-publish","format-standard","has-post-thumbnail","hentry","category-gobierno-del-estado-de-michoacan"],"_links":{"self":[{"href":"https:\/\/radiowebmx.com\/nota\/wp-json\/wp\/v2\/posts\/69671","targetHints":{"allow":["GET"]}}],"collection":[{"href":"https:\/\/radiowebmx.com\/nota\/wp-json\/wp\/v2\/posts"}],"about":[{"href":"https:\/\/radiowebmx.com\/nota\/wp-json\/wp\/v2\/types\/post"}],"author":[{"embeddable":true,"href":"https:\/\/radiowebmx.com\/nota\/wp-json\/wp\/v2\/users\/2"}],"replies":[{"embeddable":true,"href":"https:\/\/radiowebmx.com\/nota\/wp-json\/wp\/v2\/comments?post=69671"}],"version-history":[{"count":1,"href":"https:\/\/radiowebmx.com\/nota\/wp-json\/wp\/v2\/posts\/69671\/revisions"}],"predecessor-version":[{"id":69673,"href":"https:\/\/radiowebmx.com\/nota\/wp-json\/wp\/v2\/posts\/69671\/revisions\/69673"}],"wp:featuredmedia":[{"embeddable":true,"href":"https:\/\/radiowebmx.com\/nota\/wp-json\/wp\/v2\/media\/69672"}],"wp:attachment":[{"href":"https:\/\/radiowebmx.com\/nota\/wp-json\/wp\/v2\/media?parent=69671"}],"wp:term":[{"taxonomy":"category","embeddable":true,"href":"https:\/\/radiowebmx.com\/nota\/wp-json\/wp\/v2\/categories?post=69671"},{"taxonomy":"post_tag","embeddable":true,"href":"https:\/\/radiowebmx.com\/nota\/wp-json\/wp\/v2\/tags?post=69671"}],"curies":[{"name":"wp","href":"https:\/\/api.w.org\/{rel}","templated":true}]}}