{"id":69641,"date":"2021-05-11T19:09:48","date_gmt":"2021-05-12T00:09:48","guid":{"rendered":"https:\/\/radiowebmx.com\/nota\/?p=69641"},"modified":"2021-05-11T19:09:48","modified_gmt":"2021-05-12T00:09:48","slug":"festejaron-a-las-mamas-morelianas","status":"publish","type":"post","link":"https:\/\/radiowebmx.com\/nota\/festejaron-a-las-mamas-morelianas\/","title":{"rendered":"Festejaron a las mam\u00e1s Morelianas"},"content":{"rendered":"<p>Algunas familias festejando a mam\u00e1 con un desayuno, algunas caminaban con flores o alg\u00fan regalo para consentirlas. La mayor\u00eda de los restaurantes y negocios estuvieron muy concurridos, ya que despu\u00e9s de un a\u00f1o se vuelve a festejar a las mam\u00e1s.<\/p>\n<p>Algunas madres\u00a0 comentaron que; \u201cHay mucho comercio. A todo le suben los precios, a las flores, a los regalos. Y ya los hijos tienen que andar haciendo malabares para invitar a la mam\u00e1\u201d.<\/p>\n<p>El cari\u00f1o debe perdurar los 365 d\u00edas del a\u00f1o. M\u00e1s que utensilios de cocina o electrodom\u00e9sticos, para ella el mejor regalo es un abrazo de sus hijos.<\/p>\n<p>&nbsp;<\/p>\n","protected":false},"excerpt":{"rendered":"<p>Algunas familias festejando a mam\u00e1 con un desayuno, algunas caminaban con flores o alg\u00fan regalo para consentirlas. La mayor\u00eda de los restaurantes y negocios estuvieron muy concurridos, ya que despu\u00e9s de un a\u00f1o se vuelve a festejar a las mam\u00e1s. Algunas madres\u00a0 comentaron que; \u201cHay mucho comercio. A todo le suben los precios, a las [&hellip;]<\/p>\n","protected":false},"author":2,"featured_media":69642,"comment_status":"closed","ping_status":"closed","sticky":false,"template":"","format":"standard","meta":{"footnotes":""},"categories":[98],"tags":[],"class_list":["post-69641","post","type-post","status-publish","format-standard","has-post-thumbnail","hentry","category-elecciones-2021"],"_links":{"self":[{"href":"https:\/\/radiowebmx.com\/nota\/wp-json\/wp\/v2\/posts\/69641","targetHints":{"allow":["GET"]}}],"collection":[{"href":"https:\/\/radiowebmx.com\/nota\/wp-json\/wp\/v2\/posts"}],"about":[{"href":"https:\/\/radiowebmx.com\/nota\/wp-json\/wp\/v2\/types\/post"}],"author":[{"embeddable":true,"href":"https:\/\/radiowebmx.com\/nota\/wp-json\/wp\/v2\/users\/2"}],"replies":[{"embeddable":true,"href":"https:\/\/radiowebmx.com\/nota\/wp-json\/wp\/v2\/comments?post=69641"}],"version-history":[{"count":1,"href":"https:\/\/radiowebmx.com\/nota\/wp-json\/wp\/v2\/posts\/69641\/revisions"}],"predecessor-version":[{"id":69643,"href":"https:\/\/radiowebmx.com\/nota\/wp-json\/wp\/v2\/posts\/69641\/revisions\/69643"}],"wp:featuredmedia":[{"embeddable":true,"href":"https:\/\/radiowebmx.com\/nota\/wp-json\/wp\/v2\/media\/69642"}],"wp:attachment":[{"href":"https:\/\/radiowebmx.com\/nota\/wp-json\/wp\/v2\/media?parent=69641"}],"wp:term":[{"taxonomy":"category","embeddable":true,"href":"https:\/\/radiowebmx.com\/nota\/wp-json\/wp\/v2\/categories?post=69641"},{"taxonomy":"post_tag","embeddable":true,"href":"https:\/\/radiowebmx.com\/nota\/wp-json\/wp\/v2\/tags?post=69641"}],"curies":[{"name":"wp","href":"https:\/\/api.w.org\/{rel}","templated":true}]}}