{"id":69541,"date":"2021-05-05T20:01:20","date_gmt":"2021-05-06T01:01:20","guid":{"rendered":"https:\/\/radiowebmx.com\/nota\/?p=69541"},"modified":"2021-05-05T20:01:20","modified_gmt":"2021-05-06T01:01:20","slug":"vamos-todos-contra-los-traidores-de-mexico-carlos-herrera","status":"publish","type":"post","link":"https:\/\/radiowebmx.com\/nota\/vamos-todos-contra-los-traidores-de-mexico-carlos-herrera\/","title":{"rendered":"Vamos todos contra los traidores de M\u00e9xico: Carlos Herrera"},"content":{"rendered":"<p>A 32 a\u00f1os de la Fundaci\u00f3n del Partido de la Revoluci\u00f3n Democr\u00e1tica (PRD), Carlos Herrera Tello, candidato a Gobernador de Michoac\u00e1n afirm\u00f3 que este instituto pol\u00edtico es padre de la democracia en el pa\u00eds.<\/p>\n<p>\u201cLas y los fundadores hicieron algo que algunos pensaron imposible, confrontaron a un sistema autoritario que hab\u00eda dejado de lado las exigencias de nuestra gente\u201d, se\u00f1al\u00f3 en el Encuentro Nacional que se realiz\u00f3 en Morelia.<\/p>\n","protected":false},"excerpt":{"rendered":"<p>A 32 a\u00f1os de la Fundaci\u00f3n del Partido de la Revoluci\u00f3n Democr\u00e1tica (PRD), Carlos Herrera Tello, candidato a Gobernador de Michoac\u00e1n afirm\u00f3 que este instituto pol\u00edtico es padre de la democracia en el pa\u00eds. \u201cLas y los fundadores hicieron algo que algunos pensaron imposible, confrontaron a un sistema autoritario que hab\u00eda dejado de lado las [&hellip;]<\/p>\n","protected":false},"author":2,"featured_media":69542,"comment_status":"closed","ping_status":"closed","sticky":false,"template":"","format":"standard","meta":{"footnotes":""},"categories":[98],"tags":[],"class_list":["post-69541","post","type-post","status-publish","format-standard","has-post-thumbnail","hentry","category-elecciones-2021"],"_links":{"self":[{"href":"https:\/\/radiowebmx.com\/nota\/wp-json\/wp\/v2\/posts\/69541","targetHints":{"allow":["GET"]}}],"collection":[{"href":"https:\/\/radiowebmx.com\/nota\/wp-json\/wp\/v2\/posts"}],"about":[{"href":"https:\/\/radiowebmx.com\/nota\/wp-json\/wp\/v2\/types\/post"}],"author":[{"embeddable":true,"href":"https:\/\/radiowebmx.com\/nota\/wp-json\/wp\/v2\/users\/2"}],"replies":[{"embeddable":true,"href":"https:\/\/radiowebmx.com\/nota\/wp-json\/wp\/v2\/comments?post=69541"}],"version-history":[{"count":1,"href":"https:\/\/radiowebmx.com\/nota\/wp-json\/wp\/v2\/posts\/69541\/revisions"}],"predecessor-version":[{"id":69543,"href":"https:\/\/radiowebmx.com\/nota\/wp-json\/wp\/v2\/posts\/69541\/revisions\/69543"}],"wp:featuredmedia":[{"embeddable":true,"href":"https:\/\/radiowebmx.com\/nota\/wp-json\/wp\/v2\/media\/69542"}],"wp:attachment":[{"href":"https:\/\/radiowebmx.com\/nota\/wp-json\/wp\/v2\/media?parent=69541"}],"wp:term":[{"taxonomy":"category","embeddable":true,"href":"https:\/\/radiowebmx.com\/nota\/wp-json\/wp\/v2\/categories?post=69541"},{"taxonomy":"post_tag","embeddable":true,"href":"https:\/\/radiowebmx.com\/nota\/wp-json\/wp\/v2\/tags?post=69541"}],"curies":[{"name":"wp","href":"https:\/\/api.w.org\/{rel}","templated":true}]}}