{"id":69534,"date":"2021-05-04T23:52:55","date_gmt":"2021-05-05T04:52:55","guid":{"rendered":"https:\/\/radiowebmx.com\/nota\/?p=69534"},"modified":"2021-05-04T23:52:55","modified_gmt":"2021-05-05T04:52:55","slug":"logos-2","status":"publish","type":"post","link":"https:\/\/radiowebmx.com\/nota\/logos-2\/","title":{"rendered":"LOGOS"},"content":{"rendered":"<p><strong>Educaci\u00f3n para todos<\/strong><\/p>\n<p><strong>INCLUYENDO AL PRESIDENTE<\/strong><\/p>\n<p style=\"text-align: center;\"><strong>Marco Antonio Aguilar Cort\u00e9s<\/strong><\/p>\n<p>\u00a0 \u00a0 \u00a0Ojal\u00e1 y exclusivamente la Secretar\u00eda de Educaci\u00f3n P\u00fablica estuviera en deterioro.<\/p>\n<p>La realidad, a fondo, es lamentable. Lo que est\u00e1 en descomposici\u00f3n es todo el fen\u00f3meno educativo de M\u00e9xico.<\/p>\n<p>Claro que los fen\u00f3menos sociales de nuestro pa\u00eds (como los de todas las naciones del mundo) son partes de un todo.<\/p>\n<p>Si nuestra econom\u00eda, salud, seguridad p\u00fablica, \u00e9tica, derecho, pol\u00edtica, relaciones laborales, religiones, cultura, andan mal y reprueban, nuestra educaci\u00f3n est\u00e1 por los suelos, o abajo de ellos.<\/p>\n<p>No olvidemos que la educaci\u00f3n, entre muchas otras misiones, informa y forma conciencias humanas, ante la circunstancia que nos rodea, y frente a nuestro propio sistema nervioso central.<\/p>\n<p>Hablar de la educaci\u00f3n, por ende, es tratar de un tema superior, que consterna verlo en quiebra, y por lo que no podemos quedarnos impasibles.<\/p>\n<p>El grav\u00edsimo desorden educativo tiene variedad de causas, antiguas y nuevas, no todas a la vista, pero la mayor\u00eda, agravadas por el autoritarismo e ignorancia del actual presidente de M\u00e9xico.<\/p>\n<p>Citar\u00e9 algunos motivos: la pandemia del corona virus, los diez millones m\u00e1s de pobres generados de dos a\u00f1os a la fecha, las equ\u00edvocas y cambiantes pol\u00edticas en la ense\u00f1anza aprendizaje, la insensatez dominante de no precisar, en la pr\u00e1ctica, los fines, los medios, la rector\u00eda, los instrumentos, la calidad, la cantidad, lo laboral, lo pedag\u00f3gico, la investigaci\u00f3n, los conocimientos, las evaluaciones, y otras peque\u00f1as cosillas que estructuran un sistema educativo.<\/p>\n<p>En nuestro pasado hemos tenido, en el poder, excelentes equipos de educadores; por ejemplo, los encabezados por Justo Sierra, Jos\u00e9 Vasconcelos, o Jaime Torres Bodet.<\/p>\n<p>Ahora en la Secretar\u00eda de Educaci\u00f3n P\u00fablica est\u00e1, simplemente, Delfina G\u00f3mez \u00c1lvarez.<\/p>\n<p>Y no se observa ni te\u00f3rica ni pr\u00e1cticamente ning\u00fan plan, ni programas ni proyectos, para resolver los problemas educativos que nos deja el covid-19, pandemia que agreg\u00f3 nuevas dificultades a la educaci\u00f3n, aparte de agudizar las ya existentes.<\/p>\n<p>No desconozco, y admiro, el esfuerzo de aut\u00e9nticos educadores que por decenas de miles existen en el M\u00e9xico actual. Ellas y ellos son los que han salvado algo del naufragio.<\/p>\n<p>Pero tambi\u00e9n padecemos decenas de miles de vividores de la educaci\u00f3n; y gran parte de las autoridades educativas, encabezadas por el presidente, acaudillan a estos charlatanes.<\/p>\n<p>Las familias sanas y los maestros serios encuentran en los hogares, en las escuelas, en los barrios, en las calles, en las conductas de los poderosos y en los medios de comunicaci\u00f3n masiva, una pudiente contraparte.<\/p>\n<p>Los ni\u00f1os, los adolescentes, los j\u00f3venes y los adultos, tienen mirando notas sobre crimen organizado, asesinatos, robos, mentiras, lesiones, fraudes, traiciones, estupros, violaciones, feminicidios, secuestros, corrupci\u00f3n y violencia generalizada, en todas las horas de su d\u00eda, durante todos los a\u00f1os de su existencia.<\/p>\n<p>Todo retroalimenta a todo.<\/p>\n<p>Y el gobierno mexicano no entiende nuestra degradaci\u00f3n imperante. S\u00f3lo busca saciar su odio en contra de expresidentes, conservadores y neoliberales, pero ni eso hace bien, pues nadie est\u00e1 en la c\u00e1rcel por ello.<\/p>\n<p>Los funcionarios p\u00fablicos siguen delinquiendo, aprovech\u00e1ndose de la ignorancia de la masa.<\/p>\n<p>El naturalista ingl\u00e9s Charles Darwin (1809-1882) lo explic\u00f3 en su libro La descendencia del hombre: \u201c\u2026 con frecuencia la ignorancia engendra m\u00e1s ilusi\u00f3n que el conocimiento\u2026\u201d<\/p>\n<p>Cierto, la ignorancia de un presidente y de su masa humana nos hace mucho da\u00f1o, nos arroja a una ilusi\u00f3n sin base ni futuro: nos frustra.<\/p>\n<p>Tenemos por delante una labor inmensa, pero urge educar a todos, incluyendo al presidente.<\/p>\n","protected":false},"excerpt":{"rendered":"<p>Educaci\u00f3n para todos INCLUYENDO AL PRESIDENTE Marco Antonio Aguilar Cort\u00e9s \u00a0 \u00a0 \u00a0Ojal\u00e1 y exclusivamente la Secretar\u00eda de Educaci\u00f3n P\u00fablica estuviera en deterioro. La realidad, a fondo, es lamentable. Lo que est\u00e1 en descomposici\u00f3n es todo el fen\u00f3meno educativo de M\u00e9xico. Claro que los fen\u00f3menos sociales de nuestro pa\u00eds (como los de todas las naciones [&hellip;]<\/p>\n","protected":false},"author":2,"featured_media":69319,"comment_status":"closed","ping_status":"closed","sticky":false,"template":"","format":"standard","meta":{"footnotes":""},"categories":[98],"tags":[],"class_list":["post-69534","post","type-post","status-publish","format-standard","has-post-thumbnail","hentry","category-elecciones-2021"],"_links":{"self":[{"href":"https:\/\/radiowebmx.com\/nota\/wp-json\/wp\/v2\/posts\/69534","targetHints":{"allow":["GET"]}}],"collection":[{"href":"https:\/\/radiowebmx.com\/nota\/wp-json\/wp\/v2\/posts"}],"about":[{"href":"https:\/\/radiowebmx.com\/nota\/wp-json\/wp\/v2\/types\/post"}],"author":[{"embeddable":true,"href":"https:\/\/radiowebmx.com\/nota\/wp-json\/wp\/v2\/users\/2"}],"replies":[{"embeddable":true,"href":"https:\/\/radiowebmx.com\/nota\/wp-json\/wp\/v2\/comments?post=69534"}],"version-history":[{"count":1,"href":"https:\/\/radiowebmx.com\/nota\/wp-json\/wp\/v2\/posts\/69534\/revisions"}],"predecessor-version":[{"id":69535,"href":"https:\/\/radiowebmx.com\/nota\/wp-json\/wp\/v2\/posts\/69534\/revisions\/69535"}],"wp:featuredmedia":[{"embeddable":true,"href":"https:\/\/radiowebmx.com\/nota\/wp-json\/wp\/v2\/media\/69319"}],"wp:attachment":[{"href":"https:\/\/radiowebmx.com\/nota\/wp-json\/wp\/v2\/media?parent=69534"}],"wp:term":[{"taxonomy":"category","embeddable":true,"href":"https:\/\/radiowebmx.com\/nota\/wp-json\/wp\/v2\/categories?post=69534"},{"taxonomy":"post_tag","embeddable":true,"href":"https:\/\/radiowebmx.com\/nota\/wp-json\/wp\/v2\/tags?post=69534"}],"curies":[{"name":"wp","href":"https:\/\/api.w.org\/{rel}","templated":true}]}}