{"id":69401,"date":"2021-04-28T21:34:20","date_gmt":"2021-04-29T02:34:20","guid":{"rendered":"https:\/\/radiowebmx.com\/nota\/?p=69401"},"modified":"2021-04-28T21:34:20","modified_gmt":"2021-04-29T02:34:20","slug":"temas-de-cafe-917","status":"publish","type":"post","link":"https:\/\/radiowebmx.com\/nota\/temas-de-cafe-917\/","title":{"rendered":"TEMAS DE CAF\u00c9"},"content":{"rendered":"<div dir=\"auto\"><strong>\u2022 MORENA: SUE\u00d1O DE PRIMAVERA<\/strong><\/div>\n<div dir=\"auto\"><strong>\u2022 \u00bfUNO DE LOS 10 ENCUESTADOS?<\/strong><\/div>\n<div dir=\"auto\"><strong>\u2022 LOS \u201cDEBATES\u201d \u00bfVALEN LA PENA?<\/strong><\/div>\n<div dir=\"auto\"><strong>\u2022 ALFREDO RAMIREZ ES EL ELEGIDO<\/strong><\/div>\n<div dir=\"auto\" style=\"text-align: center;\"><strong><em>Por Juan Manuel BELMONTE<\/em><\/strong><\/div>\n<div dir=\"auto\">\u00a0 \u00a0 \u00a0 Le vamos a comentar lo que escuchamos y le\u00edmos ayer por la ma\u00f1ana y tarde, en relaci\u00f3n a la decisi\u00f3n del Tribunal Electoral del Poder Judicial de la Federaci\u00f3n, de apoyar la decisi\u00f3n del INE de suspender las candidaturas de F\u00e9lix Salgado, en Guerrero y Ra\u00fal Mor\u00f3n en Michoac\u00e1n all\u00e1 en el estado vecino se dijo que Salgado, hab\u00eda propuesto a su hija Mar\u00eda del Sol Salgado Pineda para que lo sustituyera, mientras que en Michoac\u00e1n se dijo y Mor\u00f3n lo desminti\u00f3 despu\u00e9s, que hab\u00eda propuesto a su hijo Ra\u00fal Mor\u00f3n Vidal quien hoy colabora con Iv\u00e1n P\u00e9rez Negr\u00f3n, pero ah\u00ed no termina el cuento de primavera.<\/div>\n<div dir=\"auto\"><strong>RAUL MORON COORDINADOR DE CAMPA\u00d1A<\/strong><\/div>\n<div dir=\"auto\">\u00a0 \u00a0 \u00a0 El sue\u00f1o sigue con que Ra\u00fal Mor\u00f3n Orozco se convierta en el coordinador, de la campa\u00f1a de quien resulte candidato al gobierno del Estado de Michoac\u00e1n por Morena, y una vez que ganen las elecciones del seis de junio, e inicie la administraci\u00f3n encabezada por quien resulte candidato, Ra\u00fal Mor\u00f3n se convierta en el secretario de gobierno y a los dos a\u00f1os, el gobernador solicite licencia para que Ra\u00fal cumpla el sue\u00f1o de \u00e9l de sus amigos, y se convierta as\u00ed despu\u00e9s de todo ese periplo en el gobernador de Michoac\u00e1n. Y no lo descartamos porque hemos aprendido en pol\u00edtica todo es posible.<\/div>\n<div dir=\"auto\"><strong>AHORA BIEN, \u00bfQUIEN SERA EL CANDIDATO?<\/strong><\/div>\n<div dir=\"auto\">\u00a0 \u00a0 \u00a0 Ayer mismo desde temprano empezaron a circular lo que parec\u00eda Fake News, daban por hecho que Alfredo Ram\u00edrez Bedolla ser\u00eda el candidato, que Morena nacional propondr\u00eda como candidato, sustituto de Ra\u00fal Mor\u00f3n cuando lo que se sab\u00eda a ciencia cierta era que a las 17 horas de ayer, F\u00e9lix y Mor\u00f3n se reunir\u00edan en la Ciudad de M\u00e9xico con los integrantes, del comit\u00e9 nacional de Morena para todos juntos encontrar a los sustitutos, por eso fue que Raul Mor\u00f3n ofreci\u00f3 una conferencia desde la Ciudad de M\u00e9xico, para desmentir que propondr\u00eda a su hijo como su sustituto.<\/div>\n<div dir=\"auto\"><strong>RESULTA LOGICO, MORON SEA EL COORDINADOR<\/strong><\/div>\n<div dir=\"auto\">\u00a0 \u00a0 \u00a0 Desde luego resulta hasta l\u00f3gico que Ra\u00fal Mor\u00f3n se convierta en coordinador, de la campa\u00f1a de quien resulte candidato porque como defensor de la 4T en la entidad, tuvo oportunidad de recorrer la entidad y conocer a la gente y que la gente, lo conociera a \u00e9l, seguramente hizo algunos compromisos que puede cumplir como coordinador, adem\u00e1s como no permiti\u00f3 registrar a un sustituto quien resulte candidato, tendr\u00e1 que necesitar a Mor\u00f3n por lo menos a \u00e9l le result\u00f3 bien esta jugada.<\/div>\n<div dir=\"auto\"><strong>\u00bfTOMARON EN CUENTA A ENCUESTADOS? NO<\/strong><\/div>\n<div dir=\"auto\">\u00a0 \u00a0 \u00a0 La pregunta que muchos morenos se hac\u00edan es si en esta ocasi\u00f3n, para elegir al sustituto tomar\u00edan en cuenta la famosa encuesta, que por cierto nadie vio pero que ha empezado a circular, creemos con esta intenci\u00f3n y desde luego esta encuesta estuvo encabezada, por Ra\u00fal Mor\u00f3n con el 47.3 %, en el segundo lugar con 42.4 % estuvo Crist\u00f3bal Arias Sol\u00eds, en tercero Carlos Torres Pi\u00f1a con el 28.3 %, enseguida Fidel Calder\u00f3n con el 27.3 %.<\/div>\n<div dir=\"auto\">Juan P\u00e9rez Medina con el 12.3 % Alfredo Ram\u00edrez qued\u00f3 ubicado en el octavo lugar con el 11.7 % y V\u00edctor Serrato en el 10, con unos cuantos meses en Morena, es quien ten\u00eda m\u00e1s posibilidades de crecer y finalmente la Comisi\u00f3n Nacional de Elecciones, se defini\u00f3 por Alfredo Ram\u00edrez Bedolla solamente porque es fundador de Morena. \u00bfqui\u00e9n es Alfredo? Ha sido funcionario de tercer nivel, es diputado local con licencia por el distrito 17 de Morelia, y veremos si se deja guiar por el equipo de Mor\u00f3n, con quien ya ha tenido algunas diferencias fuertes.<\/div>\n<div dir=\"auto\"><strong>MORON ES EL NUEVO DELEGADO DE MORENA<\/strong><\/div>\n<div dir=\"auto\">\u00a0 \u00a0 \u00a0 Lo que se logr\u00f3 saber es que Ra\u00fal Mor\u00f3n fue designado delegado de Morena en la entidad, con funciones de presidente y este jueves estar\u00e1 en Morelia Mario Delgado, dirigente nacional de Morena para presentar a Alfredo Ram\u00edrez como el sustituto de Mor\u00f3n, en la candidatura al gobierno as\u00ed veremos si el candidato se convierte en marioneta de Mor\u00f3n y sus amigos Roberto Reyes, Humberto Arroniz, Antonio Aguilera y Julissa Su\u00e1rez Bucio el mismo equipo que casi hunde totalmente a Ra\u00fal.<\/div>\n<div dir=\"auto\"><strong>\u00bfLOS DEBATES VALEN LA PENA?<\/strong><\/div>\n<div dir=\"auto\">\u00a0 \u00a0 \u00a0 Hasta ahora se han realizado varios debates uno entre los candidatos, al gobierno del estado organizado por el IEM y dos organizados por la televisora local, que los hace desde hace tiempo pero en honor a la verdad los llamados debates han resultado insulsos, porque en realidad no son debates solamente podr\u00edan llegar a comparecencias, y la idea es buena pero deben hacerlas m\u00e1s \u00e1giles, m\u00e1s picantes paga que los candidatos muestren lo que son, porque el formato que tienen por ahora la verdad dej\u00f3 de ser atractivo.<\/div>\n<div dir=\"auto\"><strong>LOS 8 CANDIDATOS PARA MORELIA<\/strong><\/div>\n<div dir=\"auto\">\u00a0 \u00a0 \u00a0 Veamos hay ocho candidatos para el gobierno municipal de Morelia, a saber primero las damas: Vanina Hern\u00e1ndez con una buena trayectoria social y bien preparada, Tzitziqui Pe\u00f1a igual con una trayectoria honrosa en la defensa de la vida y de la familia, instituciones tan atacadas en los \u00faltimos a\u00f1os, se necesita convicci\u00f3n, fuerza y voluntad para hacerlo en una sociedad tan desorientada, y Marx Aguirre mujer que tiene a\u00f1os luchando por un entorno mejor, ante la destrucci\u00f3n del ambiente por intereses monetarios.<\/div>\n<div dir=\"auto\">\u00a0 \u00a0 \u00a0Miguel Angel Garc\u00eda Meza con ganas de hacer cosas pero no sabe c\u00f3mo, se encuentra perdido como que no tiene respaldo ni apoyo de gente conocedora, del marketing pol\u00edtico y hoy se requiere de un equipo de profesionales, si realmente se quiere competir con dignidad para un puesto, como lo es la presidencia municipal de Morelia, ahora creo muchos de los aspirantes de hoy trabajan no para esta elecci\u00f3n, sino para la que viene y es que as\u00ed se aprende a hacer pol\u00edtica, y hay casos como Sergio Sistos que la verdad m\u00e1s le habr\u00eda valido quedarse en casa, para las verguenzas que anda generando. La verdad pensamos que podr\u00eda ofrecer m\u00e1s.<\/div>\n<div dir=\"auto\"><strong>ALFONSO, MEMO E IVAN CON LA MARCA<\/strong><\/div>\n<div dir=\"auto\">\u00a0 \u00a0 \u00a0 Entre estos tres personajes est\u00e1 el pr\u00f3ximo alcalde de Morelia, la mayor\u00eda de la gente afirma que Alfonso lleva ventaja, puede ser pero no es mucha y parece que anda sobrado y soberbio, ya los morelianos lo conocen muy bien sus ventajas y desventajas, ya saben hasta d\u00f3nde puede llegar, ya lo conocen que no es muy cumplido de sus compromisos, y cuando gana se olvida de la gente eso hizo cuando fue alcalde, es un tipo agradable s\u00ed pero mentiroso.<\/div>\n<div dir=\"auto\">Iv\u00e1n es solamente la marca a ver hasta d\u00f3nde lo lleva ahora, porque para ganar su diputaci\u00f3n federal no hizo nada en el 2018, como legislador sobresali\u00f3 apoyando todo lo que envi\u00f3 al congreso el presidente, por eso lo premiaron con la candidatura as\u00ed que llegar\u00e1 hasta donde lo lleve la marca Morena, en cambio Memo Valencia ya ha demostrado de lo que es capaz, es un hombre que no le teme a los problemas y mantiene buena relaci\u00f3n con Carlos Herrera, y eso ser\u00eda bueno para Morelia.<\/div>\n<div dir=\"auto\"><strong>HAY QUE TAPAR LA BOCA A LOS REPORTEROS<\/strong><\/div>\n<div dir=\"auto\">\u00a0 \u00a0 \u00a0 El asesor jur\u00eddico de la presidencia de la rep\u00fablica el se\u00f1or Julio Scherer Ibarra, hijo del legendario Julio Scherer Garc\u00eda fundador de Proceso, dijo que era necesario taparle la boca a los reporteros, para deciles qu\u00e9 es lo que deben preguntar al presidente y qu\u00e9 no, imagine usted el grado de descomposici\u00f3n que hay en derredor de la presidencia sobre este tema, cuando el hijo de don Julio palad\u00edn de la libre expresi\u00f3n, por defenderla sali\u00f3 de Exc\u00e9lsior y que ahora su hijo, este a favor de coartarla para quedar bien con el Se\u00f1or de Palacio Nacional. \u00a1Santa abyecci\u00f3n\u00a1.<\/div>\n","protected":false},"excerpt":{"rendered":"<p>\u2022 MORENA: SUE\u00d1O DE PRIMAVERA \u2022 \u00bfUNO DE LOS 10 ENCUESTADOS? \u2022 LOS \u201cDEBATES\u201d \u00bfVALEN LA PENA? \u2022 ALFREDO RAMIREZ ES EL ELEGIDO Por Juan Manuel BELMONTE \u00a0 \u00a0 \u00a0 Le vamos a comentar lo que escuchamos y le\u00edmos ayer por la ma\u00f1ana y tarde, en relaci\u00f3n a la decisi\u00f3n del Tribunal Electoral del Poder [&hellip;]<\/p>\n","protected":false},"author":2,"featured_media":69257,"comment_status":"closed","ping_status":"closed","sticky":false,"template":"","format":"standard","meta":{"footnotes":""},"categories":[1],"tags":[],"class_list":["post-69401","post","type-post","status-publish","format-standard","has-post-thumbnail","hentry","category-sin-categoria"],"_links":{"self":[{"href":"https:\/\/radiowebmx.com\/nota\/wp-json\/wp\/v2\/posts\/69401","targetHints":{"allow":["GET"]}}],"collection":[{"href":"https:\/\/radiowebmx.com\/nota\/wp-json\/wp\/v2\/posts"}],"about":[{"href":"https:\/\/radiowebmx.com\/nota\/wp-json\/wp\/v2\/types\/post"}],"author":[{"embeddable":true,"href":"https:\/\/radiowebmx.com\/nota\/wp-json\/wp\/v2\/users\/2"}],"replies":[{"embeddable":true,"href":"https:\/\/radiowebmx.com\/nota\/wp-json\/wp\/v2\/comments?post=69401"}],"version-history":[{"count":1,"href":"https:\/\/radiowebmx.com\/nota\/wp-json\/wp\/v2\/posts\/69401\/revisions"}],"predecessor-version":[{"id":69402,"href":"https:\/\/radiowebmx.com\/nota\/wp-json\/wp\/v2\/posts\/69401\/revisions\/69402"}],"wp:featuredmedia":[{"embeddable":true,"href":"https:\/\/radiowebmx.com\/nota\/wp-json\/wp\/v2\/media\/69257"}],"wp:attachment":[{"href":"https:\/\/radiowebmx.com\/nota\/wp-json\/wp\/v2\/media?parent=69401"}],"wp:term":[{"taxonomy":"category","embeddable":true,"href":"https:\/\/radiowebmx.com\/nota\/wp-json\/wp\/v2\/categories?post=69401"},{"taxonomy":"post_tag","embeddable":true,"href":"https:\/\/radiowebmx.com\/nota\/wp-json\/wp\/v2\/tags?post=69401"}],"curies":[{"name":"wp","href":"https:\/\/api.w.org\/{rel}","templated":true}]}}