{"id":69397,"date":"2021-04-28T21:02:01","date_gmt":"2021-04-29T02:02:01","guid":{"rendered":"https:\/\/radiowebmx.com\/nota\/?p=69397"},"modified":"2021-04-28T21:06:25","modified_gmt":"2021-04-29T02:06:25","slug":"morena-nombra-a-felix-salgado-y-raul-moron-como-sus-dirigentes-en-guerrero-y-michoacan","status":"publish","type":"post","link":"https:\/\/radiowebmx.com\/nota\/morena-nombra-a-felix-salgado-y-raul-moron-como-sus-dirigentes-en-guerrero-y-michoacan\/","title":{"rendered":"Morena nombra a F\u00e9lix Salgado y Ra\u00fal Mor\u00f3n como sus dirigentes en Guerrero y Michoac\u00e1n"},"content":{"rendered":"<p>Morena eligi\u00f3 este mi\u00e9rcoles a F\u00e9lix Salgado Macedonio y a Ra\u00fal Mor\u00f3n como los nuevos dirigentes del partido en Guerrero y Michoac\u00e1n, respectivamente, luego de que a ambos el Tribunal Electoral del Poder Judicial de la Federaci\u00f3n (TEPJF) les retirara sus candidaturas a gobernador por no haber presentado gastos de precampa\u00f1a, de acuerdo con Grupo F\u00f3rmula.<\/p>\n<p>Fuentes de Morena confirmaron a Latinus que Mor\u00f3n ser\u00e1 delegado con funciones de presidente de la dirigencia estatal.<\/p>\n<p>La Comisi\u00f3n Nacional de Elecciones de Morena se re\u00fane esta tarde para definir a los nuevos candidatos a las gubernaturas de Guerrero y Michoac\u00e1n. Dicha comisi\u00f3n est\u00e1 conformada por el dirigente nacional del partido, Mario Delgado; la secretaria general, Citlalli Hern\u00e1ndez; el senador Alejandro Pe\u00f1a, y los secretarios del Comit\u00e9 Ejecutivo Nacional, Carlos Evangelista y Esther G\u00f3mez.<\/p>\n<p>La ma\u00f1ana de este mi\u00e9rcoles, Mor\u00f3n y Salgado dijeron en una conferencia de prensa que acatar\u00edan la decisi\u00f3n de las autoridades electorales, pero advirtieron que la decisi\u00f3n del TEPJF fue arbitraria e inconstitucional, y la calificaron como \u201cun atentado contra la democracia\u201d.<\/p>\n<p>La postura de F\u00e9lix Salgado Macedonio fue la m\u00e1s dura, pues asegur\u00f3 que acudir\u00e1 a la Corte Interamericana de los Derechos Humanos con sede en Washington para denunciar \u201cel atraco\u201d cometido por el Instituto Nacional Electoral (INE) y el Tribunal Electoral del Poder Judicial de la Federaci\u00f3n (TEPJF).<\/p>\n<p>\u201cVoy a ser gobernador\u201d, advirti\u00f3 F\u00e9lix Salgado a sus contrincantes y pidi\u00f3 a sus seguidores continuar apoyando a Morena en Guerrero, pues \u201cen estos momentos\u201d lo m\u00e1s importante \u201ces ganar\u201d.<\/p>\n","protected":false},"excerpt":{"rendered":"<p>Morena eligi\u00f3 este mi\u00e9rcoles a F\u00e9lix Salgado Macedonio y a Ra\u00fal Mor\u00f3n como los nuevos dirigentes del partido en Guerrero y Michoac\u00e1n, respectivamente, luego de que a ambos el Tribunal Electoral del Poder Judicial de la Federaci\u00f3n (TEPJF) les retirara sus candidaturas a gobernador por no haber presentado gastos de precampa\u00f1a, de acuerdo con Grupo [&hellip;]<\/p>\n","protected":false},"author":2,"featured_media":69399,"comment_status":"closed","ping_status":"closed","sticky":false,"template":"","format":"standard","meta":{"footnotes":""},"categories":[1],"tags":[],"class_list":["post-69397","post","type-post","status-publish","format-standard","has-post-thumbnail","hentry","category-sin-categoria"],"_links":{"self":[{"href":"https:\/\/radiowebmx.com\/nota\/wp-json\/wp\/v2\/posts\/69397","targetHints":{"allow":["GET"]}}],"collection":[{"href":"https:\/\/radiowebmx.com\/nota\/wp-json\/wp\/v2\/posts"}],"about":[{"href":"https:\/\/radiowebmx.com\/nota\/wp-json\/wp\/v2\/types\/post"}],"author":[{"embeddable":true,"href":"https:\/\/radiowebmx.com\/nota\/wp-json\/wp\/v2\/users\/2"}],"replies":[{"embeddable":true,"href":"https:\/\/radiowebmx.com\/nota\/wp-json\/wp\/v2\/comments?post=69397"}],"version-history":[{"count":1,"href":"https:\/\/radiowebmx.com\/nota\/wp-json\/wp\/v2\/posts\/69397\/revisions"}],"predecessor-version":[{"id":69398,"href":"https:\/\/radiowebmx.com\/nota\/wp-json\/wp\/v2\/posts\/69397\/revisions\/69398"}],"wp:featuredmedia":[{"embeddable":true,"href":"https:\/\/radiowebmx.com\/nota\/wp-json\/wp\/v2\/media\/69399"}],"wp:attachment":[{"href":"https:\/\/radiowebmx.com\/nota\/wp-json\/wp\/v2\/media?parent=69397"}],"wp:term":[{"taxonomy":"category","embeddable":true,"href":"https:\/\/radiowebmx.com\/nota\/wp-json\/wp\/v2\/categories?post=69397"},{"taxonomy":"post_tag","embeddable":true,"href":"https:\/\/radiowebmx.com\/nota\/wp-json\/wp\/v2\/tags?post=69397"}],"curies":[{"name":"wp","href":"https:\/\/api.w.org\/{rel}","templated":true}]}}