{"id":69388,"date":"2021-04-28T18:27:30","date_gmt":"2021-04-28T23:27:30","guid":{"rendered":"https:\/\/radiowebmx.com\/nota\/?p=69388"},"modified":"2021-04-28T18:27:30","modified_gmt":"2021-04-28T23:27:30","slug":"ajuste-salarial-a-jefes-de-departamento-del-gobierno-del-estado","status":"publish","type":"post","link":"https:\/\/radiowebmx.com\/nota\/ajuste-salarial-a-jefes-de-departamento-del-gobierno-del-estado\/","title":{"rendered":"Ajuste salarial a jefes de departamento del Gobierno del Estado"},"content":{"rendered":"<p style=\"text-align: center;\"><em><strong>Las finanzas p\u00fablicas ordenadas que mantiene Michoac\u00e1n, permitieron un incremento\u00a0 \u00a0 \u00a0 \u00a0 \u00a0 \u00a0 \u00a0 \u00a0 \u00a0 \u00a0 \u00a0 \u00a0 \u00a0 \u00a0 \u00a0 \u00a0 \u00a0 \u00a0 \u00a0 \u00a0<\/strong><\/em><em><strong>del 20% a su salario<\/strong><\/em><\/p>\n<p>\u00a0 \u00a0 \u00a0Morelia, Mich., 28 de Abril 2021.- En un acto de justicia laboral, jefes de departamento del Gobierno del Estado recibir\u00e1n un ajuste a su salario que representa un incremento del 20 por ciento.<\/p>\n<p>El gobernador Silvano Aureoles Conejo, destac\u00f3 que la medida se concreta a partir de las finanzas p\u00fablicas ordenadas que mantiene Michoac\u00e1n y que ha permitido que la Secretar\u00eda de Hacienda posicione al Estado en sem\u00e1foro verde.<\/p>\n<p>\u00abPor eso, este momento es muy significativo, pasaron casi 20 a\u00f1os para que se hiciera un ajuste salarial de mayor calado a las y los jefes de departamento, quienes en muchas ocasiones, son en quienes recaen las mayores responsabilidades\u00bb, les dijo.<\/p>\n<p>El mandatario estatal reconoci\u00f3 el esfuerzo de quienes integran esta platilla laboral y que conforman un equipo que sostiene la actividad del ejecutivo estatal.<\/p>\n<p>\u00abPor todo ello, les digo que esta medida sea para bien, para mejorar sus condiciones econ\u00f3micas y con ello, su calidad de vida; se merecen este esfuerzo financiero del Gobierno del Estado como gratitud a su entrega y compromiso\u00bb, apunt\u00f3.<\/p>\n<p>Al tomar la palabra, Ramiro Lemus Medina, jefe de departamento en la Secretar\u00eda de Finanzas y Administraci\u00f3n (SFA) en donde ha laborado por m\u00e1s de 40 a\u00f1os, agradeci\u00f3 el anuncio para las y los trabajadores.<\/p>\n<p>\u201cEs una grata noticia, agradezco el gesto del Gobierno del Estado porque por mucho tiempo hab\u00edamos permanecido sin un incremento justo como el que hoy se anuncia\u201d, expres\u00f3.<\/p>\n<p>Carlos Maldonado Mendoza, secretario de Finanzas y Administraci\u00f3n, explic\u00f3 que este incremento del 20 por ciento al salario, beneficiar\u00e1 a 931 Servidores P\u00fablicos con categor\u00eda de Jefes de Departamento y que forman parte de la estructura org\u00e1nica.<\/p>\n<p>\u201cLos trabajadores de Estructura del Poder Ejecutivo del Gobierno del Estado, no hab\u00edan recibido incremento sustantivo en sus remuneraciones desde el a\u00f1o 2002, debido a las pol\u00edticas de austeridad y racionalidad del gasto p\u00fablico, implementadas por distintas administraciones\u201d, explic\u00f3 finalmente.<\/p>\n","protected":false},"excerpt":{"rendered":"<p>Las finanzas p\u00fablicas ordenadas que mantiene Michoac\u00e1n, permitieron un incremento\u00a0 \u00a0 \u00a0 \u00a0 \u00a0 \u00a0 \u00a0 \u00a0 \u00a0 \u00a0 \u00a0 \u00a0 \u00a0 \u00a0 \u00a0 \u00a0 \u00a0 \u00a0 \u00a0 \u00a0del 20% a su salario \u00a0 \u00a0 \u00a0Morelia, Mich., 28 de Abril 2021.- En un acto de justicia laboral, jefes de departamento del Gobierno del Estado recibir\u00e1n [&hellip;]<\/p>\n","protected":false},"author":2,"featured_media":69389,"comment_status":"closed","ping_status":"closed","sticky":false,"template":"","format":"standard","meta":{"footnotes":""},"categories":[3],"tags":[],"class_list":["post-69388","post","type-post","status-publish","format-standard","has-post-thumbnail","hentry","category-gobierno-del-estado-de-michoacan"],"_links":{"self":[{"href":"https:\/\/radiowebmx.com\/nota\/wp-json\/wp\/v2\/posts\/69388","targetHints":{"allow":["GET"]}}],"collection":[{"href":"https:\/\/radiowebmx.com\/nota\/wp-json\/wp\/v2\/posts"}],"about":[{"href":"https:\/\/radiowebmx.com\/nota\/wp-json\/wp\/v2\/types\/post"}],"author":[{"embeddable":true,"href":"https:\/\/radiowebmx.com\/nota\/wp-json\/wp\/v2\/users\/2"}],"replies":[{"embeddable":true,"href":"https:\/\/radiowebmx.com\/nota\/wp-json\/wp\/v2\/comments?post=69388"}],"version-history":[{"count":1,"href":"https:\/\/radiowebmx.com\/nota\/wp-json\/wp\/v2\/posts\/69388\/revisions"}],"predecessor-version":[{"id":69390,"href":"https:\/\/radiowebmx.com\/nota\/wp-json\/wp\/v2\/posts\/69388\/revisions\/69390"}],"wp:featuredmedia":[{"embeddable":true,"href":"https:\/\/radiowebmx.com\/nota\/wp-json\/wp\/v2\/media\/69389"}],"wp:attachment":[{"href":"https:\/\/radiowebmx.com\/nota\/wp-json\/wp\/v2\/media?parent=69388"}],"wp:term":[{"taxonomy":"category","embeddable":true,"href":"https:\/\/radiowebmx.com\/nota\/wp-json\/wp\/v2\/categories?post=69388"},{"taxonomy":"post_tag","embeddable":true,"href":"https:\/\/radiowebmx.com\/nota\/wp-json\/wp\/v2\/tags?post=69388"}],"curies":[{"name":"wp","href":"https:\/\/api.w.org\/{rel}","templated":true}]}}