{"id":69362,"date":"2021-04-27T18:02:23","date_gmt":"2021-04-27T23:02:23","guid":{"rendered":"https:\/\/radiowebmx.com\/nota\/?p=69362"},"modified":"2021-04-27T18:02:23","modified_gmt":"2021-04-27T23:02:23","slug":"senado-aprueba-que-ningun-servidor-publico-gane-mas-que-el-presidente-de-la-republica","status":"publish","type":"post","link":"https:\/\/radiowebmx.com\/nota\/senado-aprueba-que-ningun-servidor-publico-gane-mas-que-el-presidente-de-la-republica\/","title":{"rendered":"Senado aprueba que ning\u00fan servidor p\u00fablico gane m\u00e1s que el Presidente de la Rep\u00fablica"},"content":{"rendered":"<p>Con el voto de Morena, sus aliados y algunos legisladores del PAN,\u00a0<b>el pleno del Senado de la Rep\u00fablica aprob\u00f3 la expedici\u00f3n de la Ley Federal de Remuneraciones de los Servidores P\u00fablicos<\/b>, a trav\u00e9s de la cual se establece que\u00a0<b>ning\u00fan servidor p\u00fablico reciba remuneraci\u00f3n por el desempe\u00f1o de su funci\u00f3n, empleo, cargo o comisi\u00f3n mayor a la establecida para el Presidente de la Rep\u00fablica.<\/b><\/p>\n<p>El decreto se turn\u00f3 al Ejecutivo Federal para su promulgaci\u00f3n en el Diario Oficial de la Federaci\u00f3n.<\/p>\n<p>Al funcionario que violente esta ley recibiendo una percepci\u00f3n de mil veces superior al Valor de la Unidad y Actualizaci\u00f3n (UMA), es decir, 89 mil 620 pesos,\u00a0<b>se le impondr\u00e1 la destituci\u00f3n e inhabilitaci\u00f3n de cuatro a\u00f1os a 14 a\u00f1os para desempe\u00f1ar otro empleo<\/b>, cargo o comisi\u00f3n y proceder\u00e1 el resarcimiento del da\u00f1o o perjuicio causado a la hacienda p\u00fablica federal.<\/p>\n<p>De acuerdo con la norma aprobada por Morena, aliados y el PAN, se establece que\u00a0<b>ning\u00fan servidor p\u00fablico podr\u00e1 tener una remuneraci\u00f3n igual o mayor que su superior jer\u00e1rquico.<\/b><\/p>\n<p><b>\u00a0 Ley forma parte de pol\u00edtica de austeridad: Caraveo\u00a0<\/b><\/p>\n<p>Durante la sesi\u00f3n a distancia, la senadora de Morena, Bertha Caraveo, destac\u00f3 que esta ley forma parte de la pol\u00edtica de austeridad y ahorro en la funci\u00f3n p\u00fablica.<\/p>\n<blockquote><p>\u201cLo digo fuerte y claro, y sobre todo, lo digo dirigida al Instituto Nacional Electoral, y a todos aquellos funcionarios que se creen jeques \u00e1rabes y viven del erario.<b>\u00a0Ya no hay escusas se\u00f1or Ciro Muyarama, ya no hay escusas Lorenzo C\u00f3rdova<\/b>. Es momento de que asumamos la responsabilidad hist\u00f3rica de lograr un acuerdo que de m\u00e1s resultados con menos recursos p\u00fablicos\u201d, subray\u00f3 en tribuna.<\/p><\/blockquote>\n<p>Al manifestar su voto en contra, el coordinador de Movimiento Ciudadano, Dante Delgado, consider\u00f3 que<b>\u00a0con esta reforma nuevamente se viola el principio de equilibrio de poderes en el pa\u00eds.<\/b><\/p>\n<p>\u201cCon apego a la declaratoria de inconstitucional,\u00a0<b>en esta nueva ley se debieron regular las remuneraciones de los servidores p\u00fablicos de la administraci\u00f3n p\u00fablica federal<\/b>, pero no las de los otros poderes y organismos aut\u00f3nomos. Una vez m\u00e1s se est\u00e1n invadiendo las esferas de autonom\u00eda e independencia de los otros poderes de la uni\u00f3n y lo m\u00e1s lamentable es que este poder legislativo se preste a acompa\u00f1ar el titular del Ejecutivo federal para imponer una norma inconstitucional\u201d, destac\u00f3.<\/p>\n<p>La senadora del PRI, Beatriz Paredes, consider\u00f3 que\u00a0<b>no se pueden comparar las funciones ni responsabilidades entre los poderes<\/b>\u00a0Legislativo, Judicial y Ejecutivo.<\/p>\n<p>\u201cPor eso creo, que con este argumento que todos compartimos sobre todo la ciudadan\u00eda, sobre todo, el pueblo de M\u00e9xico de car\u00e1cter \u00e9tico hemos pretendido confundir una discusi\u00f3n. Esta es una discusi\u00f3n que tiene que ver en c\u00f3mo podemos construir una administraci\u00f3n p\u00fablica profesional, eficaz y justamente remunerada. La remuneraci\u00f3n justa que corresponda a la profesionalizaci\u00f3n y capacidad de funcionarios\u201d, mencion\u00f3.<\/p>\n<h2>\u00bfQu\u00e9 dice la ley?<\/h2>\n<p>De acuerdo con el documento, no se conceder\u00e1n ni cubrir\u00e1n jubilaciones, pensiones o haberes de retiro, ni liquidaciones por servicios prestados, como tampoco pr\u00e9stamos o cr\u00e9ditos s<b>in que \u00e9stas se encuentren asignadas por la ley, decreto legislativo, contrato colectivo o condiciones generales de trabajo.<\/b><\/p>\n<p>Las remuneraciones y sus tabuladores ser\u00e1n p\u00fablicos.<b>\u00a0No se cubrir\u00e1n remuneraciones con efectos retroactivos.<\/b><\/p>\n<p><b>\u00a0 \u00a0En la fijaci\u00f3n de remuneraciones y la ocupaci\u00f3n de plazas siempre debe existir una pol\u00edtica de perspectiva de g\u00e9nero<\/b>, igualdad y no discriminaci\u00f3n, a fin de que en iguales condiciones, las percepciones sean las mismas para mujeres y hombres.<\/p>\n<p><b>\u00a0 \u00a0 No tendr\u00e1n derecho a liquidaci\u00f3n o compensaci\u00f3n por el t\u00e9rmino de su periodo, renuncia, remoci\u00f3n o separaci\u00f3n los secretarios y subsecretarios de Estado<\/b>, directores de organismos descentralizados y de empresas productivas del Estado, titulares de organismos u \u00f3rganos aut\u00f3nomos, est\u00e9n o no incorporados al presupuesto, as\u00ed como ministros de la Suprema Corte de Justicia de la Naci\u00f3n, magistrados del Tribunal Electoral del Poder Judicial de la Federaci\u00f3n e integrantes del Consejo de la Judicatura Federal.<\/p>\n","protected":false},"excerpt":{"rendered":"<p>Con el voto de Morena, sus aliados y algunos legisladores del PAN,\u00a0el pleno del Senado de la Rep\u00fablica aprob\u00f3 la expedici\u00f3n de la Ley Federal de Remuneraciones de los Servidores P\u00fablicos, a trav\u00e9s de la cual se establece que\u00a0ning\u00fan servidor p\u00fablico reciba remuneraci\u00f3n por el desempe\u00f1o de su funci\u00f3n, empleo, cargo o comisi\u00f3n mayor a [&hellip;]<\/p>\n","protected":false},"author":2,"featured_media":69363,"comment_status":"closed","ping_status":"closed","sticky":false,"template":"","format":"standard","meta":{"footnotes":""},"categories":[1],"tags":[],"class_list":["post-69362","post","type-post","status-publish","format-standard","has-post-thumbnail","hentry","category-sin-categoria"],"_links":{"self":[{"href":"https:\/\/radiowebmx.com\/nota\/wp-json\/wp\/v2\/posts\/69362","targetHints":{"allow":["GET"]}}],"collection":[{"href":"https:\/\/radiowebmx.com\/nota\/wp-json\/wp\/v2\/posts"}],"about":[{"href":"https:\/\/radiowebmx.com\/nota\/wp-json\/wp\/v2\/types\/post"}],"author":[{"embeddable":true,"href":"https:\/\/radiowebmx.com\/nota\/wp-json\/wp\/v2\/users\/2"}],"replies":[{"embeddable":true,"href":"https:\/\/radiowebmx.com\/nota\/wp-json\/wp\/v2\/comments?post=69362"}],"version-history":[{"count":1,"href":"https:\/\/radiowebmx.com\/nota\/wp-json\/wp\/v2\/posts\/69362\/revisions"}],"predecessor-version":[{"id":69364,"href":"https:\/\/radiowebmx.com\/nota\/wp-json\/wp\/v2\/posts\/69362\/revisions\/69364"}],"wp:featuredmedia":[{"embeddable":true,"href":"https:\/\/radiowebmx.com\/nota\/wp-json\/wp\/v2\/media\/69363"}],"wp:attachment":[{"href":"https:\/\/radiowebmx.com\/nota\/wp-json\/wp\/v2\/media?parent=69362"}],"wp:term":[{"taxonomy":"category","embeddable":true,"href":"https:\/\/radiowebmx.com\/nota\/wp-json\/wp\/v2\/categories?post=69362"},{"taxonomy":"post_tag","embeddable":true,"href":"https:\/\/radiowebmx.com\/nota\/wp-json\/wp\/v2\/tags?post=69362"}],"curies":[{"name":"wp","href":"https:\/\/api.w.org\/{rel}","templated":true}]}}