{"id":69357,"date":"2021-04-27T13:39:01","date_gmt":"2021-04-27T18:39:01","guid":{"rendered":"https:\/\/radiowebmx.com\/nota\/?p=69357"},"modified":"2021-04-27T13:39:01","modified_gmt":"2021-04-27T18:39:01","slug":"debe-tepjf-salvaguardar-el-sistema-democratico-del-pais-adriana-hernandez","status":"publish","type":"post","link":"https:\/\/radiowebmx.com\/nota\/debe-tepjf-salvaguardar-el-sistema-democratico-del-pais-adriana-hernandez\/","title":{"rendered":"Debe TEPJF salvaguardar el sistema democr\u00e1tico del pa\u00eds: Adriana Hern\u00e1ndez"},"content":{"rendered":"<p>Est\u00e1 en manos de los magistrados del Tribunal Electoral del Poder Judicial de la Federaci\u00f3n (TEPJF) el salvaguardar el sistema democr\u00e1tico de nuestro pa\u00eds y hacer que prevalezca la ley, afirm\u00f3 Adriana Hern\u00e1ndez \u00cd\u00f1iguez, vocera de la campa\u00f1a del Equipo por Michoac\u00e1n.<\/p>\n<p>Hern\u00e1ndez \u00cd\u00f1iguez sentenci\u00f3 que es inadmisible que quienes han violentado la ley hoy busquen socavar el sistema democr\u00e1tico que rige a todas y todos los mexicanos por igual, sin importarles el inter\u00e9s superior de los ciudadanos.<\/p>\n<p>\u201cLa ley es clara y se debe aplicar sin distingos, sin chantajes ni amenazas de ninguna \u00edndole. Las y los michoacanos y mexicanos no permitiremos ning\u00fan atentado a la Constituci\u00f3n y a las leyes que nos permiten vivir en una democracia\u201d, afirm\u00f3.<\/p>\n<p>La vocera agreg\u00f3 que ser\u00eda lamentable que desde el TEPJF se quiera favorecer al partido que con clara alevos\u00eda y ventaja incumpli\u00f3 con las obligaciones, que cumplieron todas y todos los ciudadanos que participan en el actual proceso electoral, por lo que reiter\u00f3 el llamado a los magistrados para actuar conforme a derecho y aplicar la ley.<\/p>\n<p>\u201cLos magistrados deben hacer valer la ley y evitar que lleguen a la contienda candidatos ileg\u00edtimos y fraudulentos que no son congruentes con las ideas que abanderan y que, adem\u00e1s, se burlan de las leyes que garantizan los procesos democr\u00e1ticos de M\u00e9xico\u201d.<\/p>\n<p>Finalmente, Adriana Hern\u00e1ndez record\u00f3 que el Equipo por Michoac\u00e1n, que encabeza el candidato Carlos Herrera Tello, es un \u201cequipo que cumple la ley, siempre apegado a lo que marcan nuestras instituciones, por eso tenemos una campa\u00f1a legal desde el primer minuto del d\u00eda cuatro de abril\u201d.<\/p>\n","protected":false},"excerpt":{"rendered":"<p>Est\u00e1 en manos de los magistrados del Tribunal Electoral del Poder Judicial de la Federaci\u00f3n (TEPJF) el salvaguardar el sistema democr\u00e1tico de nuestro pa\u00eds y hacer que prevalezca la ley, afirm\u00f3 Adriana Hern\u00e1ndez \u00cd\u00f1iguez, vocera de la campa\u00f1a del Equipo por Michoac\u00e1n. Hern\u00e1ndez \u00cd\u00f1iguez sentenci\u00f3 que es inadmisible que quienes han violentado la ley hoy [&hellip;]<\/p>\n","protected":false},"author":2,"featured_media":69359,"comment_status":"closed","ping_status":"closed","sticky":false,"template":"","format":"standard","meta":{"footnotes":""},"categories":[98],"tags":[],"class_list":["post-69357","post","type-post","status-publish","format-standard","has-post-thumbnail","hentry","category-elecciones-2021"],"_links":{"self":[{"href":"https:\/\/radiowebmx.com\/nota\/wp-json\/wp\/v2\/posts\/69357","targetHints":{"allow":["GET"]}}],"collection":[{"href":"https:\/\/radiowebmx.com\/nota\/wp-json\/wp\/v2\/posts"}],"about":[{"href":"https:\/\/radiowebmx.com\/nota\/wp-json\/wp\/v2\/types\/post"}],"author":[{"embeddable":true,"href":"https:\/\/radiowebmx.com\/nota\/wp-json\/wp\/v2\/users\/2"}],"replies":[{"embeddable":true,"href":"https:\/\/radiowebmx.com\/nota\/wp-json\/wp\/v2\/comments?post=69357"}],"version-history":[{"count":1,"href":"https:\/\/radiowebmx.com\/nota\/wp-json\/wp\/v2\/posts\/69357\/revisions"}],"predecessor-version":[{"id":69360,"href":"https:\/\/radiowebmx.com\/nota\/wp-json\/wp\/v2\/posts\/69357\/revisions\/69360"}],"wp:featuredmedia":[{"embeddable":true,"href":"https:\/\/radiowebmx.com\/nota\/wp-json\/wp\/v2\/media\/69359"}],"wp:attachment":[{"href":"https:\/\/radiowebmx.com\/nota\/wp-json\/wp\/v2\/media?parent=69357"}],"wp:term":[{"taxonomy":"category","embeddable":true,"href":"https:\/\/radiowebmx.com\/nota\/wp-json\/wp\/v2\/categories?post=69357"},{"taxonomy":"post_tag","embeddable":true,"href":"https:\/\/radiowebmx.com\/nota\/wp-json\/wp\/v2\/tags?post=69357"}],"curies":[{"name":"wp","href":"https:\/\/api.w.org\/{rel}","templated":true}]}}