{"id":69330,"date":"2021-04-26T21:34:38","date_gmt":"2021-04-27T02:34:38","guid":{"rendered":"https:\/\/radiowebmx.com\/nota\/?p=69330"},"modified":"2021-04-26T21:34:38","modified_gmt":"2021-04-27T02:34:38","slug":"sep-contempla-que-alumnos-regresen-a-clases-presenciales-en-agosto","status":"publish","type":"post","link":"https:\/\/radiowebmx.com\/nota\/sep-contempla-que-alumnos-regresen-a-clases-presenciales-en-agosto\/","title":{"rendered":"SEP contempla que alumnos regresen a clases presenciales en agosto"},"content":{"rendered":"<div class=\"region region-content-top\"><\/div>\n<div id=\"node-content-ads\" class=\"column \" role=\"main\">\u00a0 \u00a0 \u00a0CIUDAD DE M\u00c9XICO.\u00a0La Secretar\u00eda de Educaci\u00f3n P\u00fablica contempla el\u00a0<strong><em>regreso a clases<\/em><\/strong>\u00a0presencial en todo el pa\u00eds ya de manera formal en el mes de agosto, incluyendo la Ciudad de M\u00e9xico, previo diagn\u00f3stico sobre las condiciones socioemocionales en que se encuentran los estudiantes y el personal docente, luego de la pandemia por Covid-19.<\/p>\n<article class=\"cXenseParse node-1445415 node node-article view-mode-full clearfix\">\n<div id=\"contenido\" class=\"clear\">\n<div id=\"node-article-body\" class=\"body left\">\n<p>\u00a0 \u00a0 \u00a0En entrevista, la titular de la\u00a0<a href=\"https:\/\/www.excelsior.com.mx\/secretaria-de-educacion-publica#view-1\" target=\"_blank\" rel=\"noopener\">Secretar\u00eda de Educaci\u00f3n P\u00fablica (SEP)<\/a>, Delfina G\u00f3mez, anticip\u00f3 que en el mes de julio realizar\u00e1n una especie de programa piloto en el que la comunidad escolar comience a adentrarse a las nuevas circunstancias post covid en las aulas y en el que habr\u00e1 de llevarse a cabo un diagn\u00f3stico socio emocional. \u201cPorque no podemos llegar directamente a los contenidos o trabajar en aprendizajes sino sabemos en la parte humana c\u00f3mo est\u00e1n nuestros ni\u00f1os, c\u00f3mo est\u00e1n nuestros maestros y al mismo tiempo empezar a checar si hubo peque\u00f1os que perdieron a sus padres porque esa parte tambi\u00e9n es importante, si hubo p\u00e9rdidas de maestros porque esto, lamentablemente, no respet\u00f3 a nadie.<\/p>\n<p>\u201cRecordemos que lo que intentamos es que sea un regreso seguro, paulatino, un regreso en el que no pongamos en riesgo ni a nuestros alumnos ni a nuestros maestros. Entonces, s\u00ed estamos en esta revisi\u00f3n de la propuesta y en las pr\u00f3ximas semanas vamos a tener una reuni\u00f3n con nuestros gobernadores para platicar sobre el regreso seguro\u201d, detall\u00f3.<\/p>\n<p>En este sentido, anunci\u00f3 la firma de un convenio con el Instituto Polit\u00e9cnico Nacional para que los estudiantes que est\u00e9n por concluir la carrera de psicolog\u00eda puedan hacer su servicio social en las escuelas de los tres niveles atendiendo cada uno de los casos que se conozcan de alumnos con problemas emocionales derivados de la emergencia sanitaria.<\/p>\n<div class=\"teads-inread sm-screen\">\n<div>\n<div class=\"teads-ui-components-label\"><\/div>\n<div id=\"teads0\" class=\"teads-player\">\u00a0 \u00a0 \u00a0Luego de firmar un convenio con la Semarnat para la estrategia nacional de educaci\u00f3n ambiental, Delfina G\u00f3mez inform\u00f3 que al mismo tiempo de los preparativos para el\u00a0<a href=\"https:\/\/www.excelsior.com.mx\/comunidad\/cdmx-apoyara-a-sep-para-que-regreso-a-clases-sea-seguro\/1444931\" target=\"_blank\" rel=\"noopener\">regreso a clases<\/a>\u00a0seguir\u00e1 la vacunaci\u00f3n para personal docente y administrativo de escuelas p\u00fablicas y privadas en el pa\u00eds. Dijo que en el caso de Campeche, Chiapas, Coahuila, Tamaulipas, Nayarit y Veracruz ya se supera el 90 por ciento de la aplicaci\u00f3n de dosis al personal docente.<\/div>\n<div><\/div>\n<div class=\"teads-player\">\u00a0 \u00a0 \u00a0\u201cVacunaci\u00f3n para particulares y oficiales, para el personal que est\u00e1 dentro de la instituci\u00f3n, por ejemplo, est\u00e1bamos hablando que hace aseo y es pagado por padres de familia, tenemos compa\u00f1eros que tambi\u00e9n tienen transporte escolar y ah\u00ed tenemos que pensar en el chofer y hablar con la Secretar\u00eda de Comunicaciones y Transportes y saber c\u00f3mo van a hacer las medidas de sanitizaci\u00f3n de los veh\u00edculos donde son transportados nuestros peque\u00f1os\u201d<\/div>\n<\/div>\n<\/div>\n<div class=\"trv-player-container\">\n<div id=\"br_video_player_6ada1\" class=\"trvd_video_player\">\n<div class=\"media-player\"><\/div>\n<\/div>\n<\/div>\n<\/div>\n<\/div>\n<\/article>\n<\/div>\n","protected":false},"excerpt":{"rendered":"<p>\u00a0 \u00a0 \u00a0CIUDAD DE M\u00c9XICO.\u00a0La Secretar\u00eda de Educaci\u00f3n P\u00fablica contempla el\u00a0regreso a clases\u00a0presencial en todo el pa\u00eds ya de manera formal en el mes de agosto, incluyendo la Ciudad de M\u00e9xico, previo diagn\u00f3stico sobre las condiciones socioemocionales en que se encuentran los estudiantes y el personal docente, luego de la pandemia por Covid-19. \u00a0 \u00a0 [&hellip;]<\/p>\n","protected":false},"author":2,"featured_media":69331,"comment_status":"closed","ping_status":"closed","sticky":false,"template":"","format":"standard","meta":{"footnotes":""},"categories":[1],"tags":[],"class_list":["post-69330","post","type-post","status-publish","format-standard","has-post-thumbnail","hentry","category-sin-categoria"],"_links":{"self":[{"href":"https:\/\/radiowebmx.com\/nota\/wp-json\/wp\/v2\/posts\/69330","targetHints":{"allow":["GET"]}}],"collection":[{"href":"https:\/\/radiowebmx.com\/nota\/wp-json\/wp\/v2\/posts"}],"about":[{"href":"https:\/\/radiowebmx.com\/nota\/wp-json\/wp\/v2\/types\/post"}],"author":[{"embeddable":true,"href":"https:\/\/radiowebmx.com\/nota\/wp-json\/wp\/v2\/users\/2"}],"replies":[{"embeddable":true,"href":"https:\/\/radiowebmx.com\/nota\/wp-json\/wp\/v2\/comments?post=69330"}],"version-history":[{"count":1,"href":"https:\/\/radiowebmx.com\/nota\/wp-json\/wp\/v2\/posts\/69330\/revisions"}],"predecessor-version":[{"id":69332,"href":"https:\/\/radiowebmx.com\/nota\/wp-json\/wp\/v2\/posts\/69330\/revisions\/69332"}],"wp:featuredmedia":[{"embeddable":true,"href":"https:\/\/radiowebmx.com\/nota\/wp-json\/wp\/v2\/media\/69331"}],"wp:attachment":[{"href":"https:\/\/radiowebmx.com\/nota\/wp-json\/wp\/v2\/media?parent=69330"}],"wp:term":[{"taxonomy":"category","embeddable":true,"href":"https:\/\/radiowebmx.com\/nota\/wp-json\/wp\/v2\/categories?post=69330"},{"taxonomy":"post_tag","embeddable":true,"href":"https:\/\/radiowebmx.com\/nota\/wp-json\/wp\/v2\/tags?post=69330"}],"curies":[{"name":"wp","href":"https:\/\/api.w.org\/{rel}","templated":true}]}}