{"id":69321,"date":"2021-04-26T20:55:29","date_gmt":"2021-04-27T01:55:29","guid":{"rendered":"https:\/\/radiowebmx.com\/nota\/?p=69321"},"modified":"2021-04-26T20:55:29","modified_gmt":"2021-04-27T01:55:29","slug":"firma-gobernador-decreto-de-contingencia-ambiental-para-michoacan","status":"publish","type":"post","link":"https:\/\/radiowebmx.com\/nota\/firma-gobernador-decreto-de-contingencia-ambiental-para-michoacan\/","title":{"rendered":"Firma Gobernador decreto de contingencia ambiental para Michoac\u00e1n"},"content":{"rendered":"<p><strong>* En lo que va de la temporada, se han generado en Michoac\u00e1n m\u00e1s de 400 incendios, que han afectado casi 9 mil hect\u00e1reas, tanto agr\u00edcolas como forestales<\/strong><\/p>\n<p>Morelia, Michoac\u00e1n, a 26 abril de 2021.- El gobernador Silvano Aureoles Conejo, firm\u00f3 el decreto de contingencia ambiental en Michoac\u00e1n a trav\u00e9s del cual se proh\u00edbe el uso del fuego, en apego a la Ley para la Conservaci\u00f3n y Sustentabilidad Ambiental del Estado.<\/p>\n<p>De esta manera y a partir de ahora, queda prohibido temporalmente el uso de todo tipo de quemas agr\u00edcolas, pecuarias, de basura y a cielo abierto, en espacios rurales y urbanos, as\u00ed como en las \u00c1reas Naturales Protegidas, \u00e1reas arboladas y \u00e1reas consideradas sagradas o espirituales en territorios de los pueblos ind\u00edgenas.<\/p>\n<p>\u201cLlamo a la comprensi\u00f3n y a sumarse a esta medida por la defensa del medio ambiente y de nuestros recursos naturales. Reconozco que el uso del fuego es una costumbre en muchas regiones del estado, pero es fundamental establecer medidas serias para contener la propagaci\u00f3n de incendios\u201d, recalc\u00f3 el gobernador.<\/p>\n<p>Aureoles Conejo explic\u00f3 que ser\u00e1n las procuradur\u00edas ambientales, federal y estatal, as\u00ed como la Fiscal\u00eda para Delitos Ambientales de la Fiscal\u00eda General del Estado, y la Unidad Ambiental de la Polic\u00eda Michoac\u00e1n, quienes atender\u00e1n los delitos en la materia y el incumplimiento a dicho decreto.<\/p>\n<p>\u201cLa situaci\u00f3n es cr\u00edtica y nos exige tomar decisiones determinantes ya; Michoac\u00e1n es la quinta entidad de mayor biodiversidad de M\u00e9xico, no podemos dejar que frente a nuestros ojos se pierdan los recursos naturales de las y los michoacanos\u201d, enfatiz\u00f3.<\/p>\n<p>El gobernador explic\u00f3 que muchos de los incendios incontrolables que se registran en Michoac\u00e1n son ocasionados por la preparaci\u00f3n de las parcelas para la siembra en el pr\u00f3ximo verano, donde se practica com\u00fanmente la roza tumba y quema, as\u00ed como quemas en las actividades agr\u00edcolas y ganaderas, para la renovaci\u00f3n de pastizales.<\/p>\n<p>\u201cPor ejemplo, en lo que va de la temporada de incendios, se han generado en Michoac\u00e1n m\u00e1s de 400 incendios, que han afectado casi 9 mil hect\u00e1reas, tanto agr\u00edcolas como forestales\u201d, detall\u00f3.<\/p>\n<p>Present\u00f3 adem\u00e1s la magnitud de la crisis medioambiental por los incendios, en donde a nivel nacional se han incrementado un 92 por ciento, mientras que en Michoac\u00e1n se tiene un incremento del 52 por ciento de estos siniestros en relaci\u00f3n al a\u00f1o pasado, lo que ha afectado un 80 por ciento m\u00e1s de hect\u00e1reas y colocado a la entidad en el tercer lugar en incendios a nivel nacional, y el octavo en superficie da\u00f1ada.<\/p>\n<p>\u201cEn las \u00faltimas semanas ha sido notorio el incremento de las temperaturas y las intensas olas de calor en todas las regiones del estado. Adem\u00e1s, la escasez de lluvias en todas las regiones del pa\u00eds, y de nuestro estado, nos ha puesto ante una emergencia medioambiental, que estamos atendiendo con todas nuestras capacidades\u201d, apunt\u00f3.<\/p>\n<p>El mandatario record\u00f3 que desde que inici\u00f3 esta temporada de altas temperaturas y sequ\u00eda, se han combatido ocho incendios de alto impacto en los municipios de Hidalgo, Erongar\u00edcuaro, Los Reyes, Pur\u00e9pero, Tanganc\u00edcuaro, Huetamo y Morelia.<\/p>\n<p>\u201cPara combatirlos hemos usado una estrategia de tierra-aire, es decir, helic\u00f3pteros que portan baldes de agua, y por supuesto, con el apoyo de los brigadistas que se la juegan por los bosques michoacanos; en estos d\u00edas est\u00e1n operando tres helic\u00f3pteros: uno de Gobierno del Estado y dos de la Guardia Nacional, a quienes les agradezco su solidaridad y apoyo para hacerle frente a la emergencia en Michoac\u00e1n\u201d.<\/p>\n<p>Por todo ello, Aureoles Conejo exhort\u00f3 a las y los michoacanos a hacer conciencia de la condici\u00f3n ambiental que se vive, al ser un a\u00f1o at\u00edpico con condiciones mucho m\u00e1s graves que anteriores por el prolongado periodo de sequ\u00eda en las diferentes regiones del Michoac\u00e1n y de M\u00e9xico.<\/p>\n<p>\u201cEstaremos de tiempo completo y en coordinaci\u00f3n plena con las y los presidentes municipales hasta controlar totalmente los incendios activos en estos d\u00edas, y evitar la generaci\u00f3n de otros\u201d, garantiz\u00f3.<\/p>\n","protected":false},"excerpt":{"rendered":"<p>* En lo que va de la temporada, se han generado en Michoac\u00e1n m\u00e1s de 400 incendios, que han afectado casi 9 mil hect\u00e1reas, tanto agr\u00edcolas como forestales Morelia, Michoac\u00e1n, a 26 abril de 2021.- El gobernador Silvano Aureoles Conejo, firm\u00f3 el decreto de contingencia ambiental en Michoac\u00e1n a trav\u00e9s del cual se proh\u00edbe el [&hellip;]<\/p>\n","protected":false},"author":2,"featured_media":69322,"comment_status":"closed","ping_status":"closed","sticky":false,"template":"","format":"standard","meta":{"footnotes":""},"categories":[1],"tags":[],"class_list":["post-69321","post","type-post","status-publish","format-standard","has-post-thumbnail","hentry","category-sin-categoria"],"_links":{"self":[{"href":"https:\/\/radiowebmx.com\/nota\/wp-json\/wp\/v2\/posts\/69321","targetHints":{"allow":["GET"]}}],"collection":[{"href":"https:\/\/radiowebmx.com\/nota\/wp-json\/wp\/v2\/posts"}],"about":[{"href":"https:\/\/radiowebmx.com\/nota\/wp-json\/wp\/v2\/types\/post"}],"author":[{"embeddable":true,"href":"https:\/\/radiowebmx.com\/nota\/wp-json\/wp\/v2\/users\/2"}],"replies":[{"embeddable":true,"href":"https:\/\/radiowebmx.com\/nota\/wp-json\/wp\/v2\/comments?post=69321"}],"version-history":[{"count":1,"href":"https:\/\/radiowebmx.com\/nota\/wp-json\/wp\/v2\/posts\/69321\/revisions"}],"predecessor-version":[{"id":69323,"href":"https:\/\/radiowebmx.com\/nota\/wp-json\/wp\/v2\/posts\/69321\/revisions\/69323"}],"wp:featuredmedia":[{"embeddable":true,"href":"https:\/\/radiowebmx.com\/nota\/wp-json\/wp\/v2\/media\/69322"}],"wp:attachment":[{"href":"https:\/\/radiowebmx.com\/nota\/wp-json\/wp\/v2\/media?parent=69321"}],"wp:term":[{"taxonomy":"category","embeddable":true,"href":"https:\/\/radiowebmx.com\/nota\/wp-json\/wp\/v2\/categories?post=69321"},{"taxonomy":"post_tag","embeddable":true,"href":"https:\/\/radiowebmx.com\/nota\/wp-json\/wp\/v2\/tags?post=69321"}],"curies":[{"name":"wp","href":"https:\/\/api.w.org\/{rel}","templated":true}]}}