{"id":6932,"date":"2014-04-17T13:19:20","date_gmt":"2014-04-17T18:19:20","guid":{"rendered":"https:\/\/radiowebmx.com\/nota\/?p=6932"},"modified":"2014-05-12T13:24:09","modified_gmt":"2014-05-12T18:24:09","slug":"ayuntamiento-de-morelia-brinda-calido-recibimiento-a-turistas","status":"publish","type":"post","link":"https:\/\/radiowebmx.com\/nota\/ayuntamiento-de-morelia-brinda-calido-recibimiento-a-turistas\/","title":{"rendered":"AYUNTAMIENTO DE MORELIA BRINDA C\u00c1LIDO  RECIBIMIENTO A TURISTAS"},"content":{"rendered":"<p><a href=\"https:\/\/radiowebmx.com\/nota\/wp-content\/uploads\/2014\/05\/op-4.jpg\"><img loading=\"lazy\" decoding=\"async\" class=\"alignleft size-full wp-image-6933\" alt=\"op-4\" src=\"https:\/\/radiowebmx.com\/nota\/wp-content\/uploads\/2014\/05\/op-4.jpg\" width=\"591\" height=\"321\" \/><\/a>El Ayuntamiento de Morelia que preside Wilfrido L\u00e1zaro Medina, a trav\u00e9s de la Secretar\u00eda de Turismo municipal, dio la bienvenida a los turistas que arribaron a la ciudad al mediod\u00eda de este Jueves Santo, en seguimiento al operativo de Semana Santa 2014.<\/p>\n<p>El secretario Armando Enrique Rivera Ruiz, en compa\u00f1\u00eda del personal de la dependencia y j\u00f3venes prestadores de servicio social, recibieron a los visitantes que llegaron a la salida a Salamanca y \u00a0la Terminal de Autobuses de la capital michoacana (TAM), en su mayor\u00eda provenientes de los estados de M\u00e9xico, Guanajuato, Guadalajara, y del Distrito Federal.<\/p>\n<p>A todos ellos se les entreg\u00f3 un mapa de la ciudad que se\u00f1ala los sitios que pueden visitar en este periodo vacacional, adem\u00e1s del programa de actividades para estos d\u00edas santos, que contin\u00faa con la tradicional Visita de los Siete Templos.<\/p>\n<p>Rivera Ruiz afirm\u00f3 que el municipio va por el camino correcto, al Sumar Voluntades con los gobiernos estatal y federal, lo que se demuestra con el aumento de la afluencia tur\u00edstica a Morelia, pues se est\u00e1 recobrando la confianza de la gente.<\/p>\n<p>En tanto, los prestadores de servicio social han realizado cientos de encuestas dirigidas a determinar el \u201cPerfil del Turista\u201d, y conocer as\u00ed las expectativas y gustos de las personas que visitan nuestra urbe y sus tenencias.<\/p>\n<p>Para resolver cualquier duda o queja durante las vacaciones en curso, se encuentra disponible el Centro de Atenci\u00f3n al Turista (CAT), ubicado en el Portal Hidalgo del Centro Hist\u00f3rico.<\/p>\n","protected":false},"excerpt":{"rendered":"<p>El Ayuntamiento de Morelia que preside Wilfrido L\u00e1zaro Medina, a trav\u00e9s de la Secretar\u00eda de Turismo municipal, dio la bienvenida a los turistas que arribaron a la ciudad al mediod\u00eda de este Jueves Santo, en seguimiento al operativo de Semana Santa 2014.<\/p>\n","protected":false},"author":1,"featured_media":0,"comment_status":"open","ping_status":"open","sticky":false,"template":"","format":"standard","meta":{"footnotes":""},"categories":[14,9],"tags":[],"class_list":["post-6932","post","type-post","status-publish","format-standard","hentry","category-destacadas","category-morelia"],"_links":{"self":[{"href":"https:\/\/radiowebmx.com\/nota\/wp-json\/wp\/v2\/posts\/6932","targetHints":{"allow":["GET"]}}],"collection":[{"href":"https:\/\/radiowebmx.com\/nota\/wp-json\/wp\/v2\/posts"}],"about":[{"href":"https:\/\/radiowebmx.com\/nota\/wp-json\/wp\/v2\/types\/post"}],"author":[{"embeddable":true,"href":"https:\/\/radiowebmx.com\/nota\/wp-json\/wp\/v2\/users\/1"}],"replies":[{"embeddable":true,"href":"https:\/\/radiowebmx.com\/nota\/wp-json\/wp\/v2\/comments?post=6932"}],"version-history":[{"count":1,"href":"https:\/\/radiowebmx.com\/nota\/wp-json\/wp\/v2\/posts\/6932\/revisions"}],"predecessor-version":[{"id":6934,"href":"https:\/\/radiowebmx.com\/nota\/wp-json\/wp\/v2\/posts\/6932\/revisions\/6934"}],"wp:attachment":[{"href":"https:\/\/radiowebmx.com\/nota\/wp-json\/wp\/v2\/media?parent=6932"}],"wp:term":[{"taxonomy":"category","embeddable":true,"href":"https:\/\/radiowebmx.com\/nota\/wp-json\/wp\/v2\/categories?post=6932"},{"taxonomy":"post_tag","embeddable":true,"href":"https:\/\/radiowebmx.com\/nota\/wp-json\/wp\/v2\/tags?post=6932"}],"curies":[{"name":"wp","href":"https:\/\/api.w.org\/{rel}","templated":true}]}}