{"id":69318,"date":"2021-04-26T20:44:56","date_gmt":"2021-04-27T01:44:56","guid":{"rendered":"https:\/\/radiowebmx.com\/nota\/?p=69318"},"modified":"2021-04-26T20:44:56","modified_gmt":"2021-04-27T01:44:56","slug":"logos","status":"publish","type":"post","link":"https:\/\/radiowebmx.com\/nota\/logos\/","title":{"rendered":"LOGOS"},"content":{"rendered":"<p><strong>Gobiernos p\u00e9simos<\/strong><\/p>\n<p><strong>\u00a0\u00a0\u00a0\u00a0\u00a0\u00a0\u00a0\u00a0\u00a0\u00a0\u00a0\u00a0\u00a0\u00a0\u00a0\u00a0\u00a0\u00a0\u00a0\u00a0\u00a0 \u00a0\u00a0\u00a0\u00a0\u00a0\u00a0\u00a0\u00a0\u00a0\u00a0 M\u00c9XICO BAJO FUEGO<\/strong><\/p>\n<p><strong><em>Marco Antonio Aguilar Cort\u00e9s<\/em><\/strong><\/p>\n<p>Los bosques de M\u00e9xico, como gran parte del pa\u00eds, est\u00e1n bajo fuego. El gobierno actual ha desarticulado, t\u00e9cnica y econ\u00f3micamente, lo poco que hab\u00eda para combatir los incendios forestales.<\/p>\n<p>Esperar a que lleguen las lluvias es lo m\u00e1s eficaz de la pol\u00edtica oficial, actual, en esa materia.<\/p>\n<p>Acontece en los asuntos de seguridad p\u00fablica algo parecido; bajo el fuego de las armas de alto poder est\u00e1 la vida de muchos mexicanos.<\/p>\n<p>Las balas y las llamas afectan a la existencia humana, tanto, como el covid en el desorden de la salud p\u00fablica nacional.<\/p>\n<p>Todo eso es producto de los malos gobiernos que hemos padecido; y las autoridades de ahora son peores, pues las sufrimos en el presente como basura infame con poder.<\/p>\n<p>El fil\u00f3sofo dan\u00e9s S\u00f6ren Kierkegaard (1813-1855) escribi\u00f3 en su libro Diapsalmata: \u201cEn un teatro se declar\u00f3 un incendio en los bastidores. Sali\u00f3 el payaso a dar la noticia al p\u00fablico; y \u00e9ste, creyendo que se trataba de un chiste, aplaudi\u00f3. Repiti\u00f3 el mimo el mensaje, y los asistentes le aplaudieron m\u00e1s; as\u00ed, pienso yo que perecer\u00e1 la masa humana, con el j\u00fabilo populachero motivado por cabezas chistosas, y creyendo que se trata de un chiste\u201d.<\/p>\n<p>El chistoso presidente mexicano asisti\u00f3, recientemente, a la Cumbre de L\u00edderes sobre el Clima convocada por la ONU.<\/p>\n<p>A causa de la pandemia esa reuni\u00f3n fue virtual. 40 l\u00edderes mundiales hablaron del tema, y formularon sus compromisos.<\/p>\n<p>Esa trascendental cumbre de l\u00edderes mundiales coincidi\u00f3 con la diaria conferencia llamada la ma\u00f1anera, circo presidencial que, organizado a capricho del presidente mexicano, constituye lo m\u00e1s importante en su trabajo cotidiano.<\/p>\n<p>El presidente prefiri\u00f3 su ma\u00f1anera, y abandon\u00f3 la cumbre de l\u00edderes, falt\u00e1ndoles al respeto a todos los asistentes, ya que s\u00f3lo se conect\u00f3 al evento internacional para hacer uso de la palabra, retir\u00e1ndose de ella, sin escuchar a nadie.<\/p>\n<p>El presidente de M\u00e9xico ponder\u00f3 su proyecto \u201csembrado vida\u201d, cuando su pol\u00edtica ha generado centenas de miles de muertos.<\/p>\n<p>Como siempre minti\u00f3: \u201cmi proyecto sembrando vida es el esfuerzo m\u00e1s grande del mundo sobre reforestaci\u00f3n\u201d; pero en los a\u00f1os 2019 y 2020 M\u00e9xico perdi\u00f3 m\u00e1s de 350 mil hect\u00e1reas de bosque, y hoy las llamas las vemos arrasantes, y el humo de las quemas llega hasta nuestro hogar.<\/p>\n<p>Ese proyecto del presidente no es grande, es grand\u00edsimo como mentira.<\/p>\n<p>Y las enormes falsedades, aunque sean gubernativas, no las podemos exportar a Centroam\u00e9rica; ni es \u00e9tico recomendarlas al presidente Joe Biden de los EU como medicina contra la migraci\u00f3n.<\/p>\n<p>El canciller mexicano Marcelo Ebrard ha dado a conocer que el 7 de mayo pr\u00f3ximo habr\u00e1 una comunicaci\u00f3n cibern\u00e9tica entre la vicepresidente de EU Kamala Harris y el presidente mexicano.<\/p>\n<p>Deben de cuidar que esa entrevista virtual no sea a la hora de la ma\u00f1anera, pues se corre el riesgo de que nuestro ejecutivo federal vuelva a ser majadero.<\/p>\n<p>Un consejo para EU y Kamala, todos los d\u00f3lares que inviertan, admin\u00edstrenlos ustedes con mucha honradez y eficiencia. No se les ocurra d\u00e1rselos al actual gobierno mexicano ni a ning\u00fan otro, pues s\u00f3lo generan corrupci\u00f3n y m\u00e1s corrupci\u00f3n.<\/p>\n<p>Que cada d\u00f3lar invertido luzca en las manos correctas, y cumpla, as\u00ed, con exactitud su fin.<\/p>\n","protected":false},"excerpt":{"rendered":"<p>Gobiernos p\u00e9simos \u00a0\u00a0\u00a0\u00a0\u00a0\u00a0\u00a0\u00a0\u00a0\u00a0\u00a0\u00a0\u00a0\u00a0\u00a0\u00a0\u00a0\u00a0\u00a0\u00a0\u00a0 \u00a0\u00a0\u00a0\u00a0\u00a0\u00a0\u00a0\u00a0\u00a0\u00a0 M\u00c9XICO BAJO FUEGO Marco Antonio Aguilar Cort\u00e9s Los bosques de M\u00e9xico, como gran parte del pa\u00eds, est\u00e1n bajo fuego. El gobierno actual ha desarticulado, t\u00e9cnica y econ\u00f3micamente, lo poco que hab\u00eda para combatir los incendios forestales. Esperar a que lleguen las lluvias es lo m\u00e1s eficaz de la pol\u00edtica oficial, actual, [&hellip;]<\/p>\n","protected":false},"author":2,"featured_media":69319,"comment_status":"closed","ping_status":"closed","sticky":false,"template":"","format":"standard","meta":{"footnotes":""},"categories":[4,61],"tags":[],"class_list":["post-69318","post","type-post","status-publish","format-standard","has-post-thumbnail","hentry","category-columnistas","category-lic-marco-antonio-aguilar-cortes"],"_links":{"self":[{"href":"https:\/\/radiowebmx.com\/nota\/wp-json\/wp\/v2\/posts\/69318","targetHints":{"allow":["GET"]}}],"collection":[{"href":"https:\/\/radiowebmx.com\/nota\/wp-json\/wp\/v2\/posts"}],"about":[{"href":"https:\/\/radiowebmx.com\/nota\/wp-json\/wp\/v2\/types\/post"}],"author":[{"embeddable":true,"href":"https:\/\/radiowebmx.com\/nota\/wp-json\/wp\/v2\/users\/2"}],"replies":[{"embeddable":true,"href":"https:\/\/radiowebmx.com\/nota\/wp-json\/wp\/v2\/comments?post=69318"}],"version-history":[{"count":1,"href":"https:\/\/radiowebmx.com\/nota\/wp-json\/wp\/v2\/posts\/69318\/revisions"}],"predecessor-version":[{"id":69320,"href":"https:\/\/radiowebmx.com\/nota\/wp-json\/wp\/v2\/posts\/69318\/revisions\/69320"}],"wp:featuredmedia":[{"embeddable":true,"href":"https:\/\/radiowebmx.com\/nota\/wp-json\/wp\/v2\/media\/69319"}],"wp:attachment":[{"href":"https:\/\/radiowebmx.com\/nota\/wp-json\/wp\/v2\/media?parent=69318"}],"wp:term":[{"taxonomy":"category","embeddable":true,"href":"https:\/\/radiowebmx.com\/nota\/wp-json\/wp\/v2\/categories?post=69318"},{"taxonomy":"post_tag","embeddable":true,"href":"https:\/\/radiowebmx.com\/nota\/wp-json\/wp\/v2\/tags?post=69318"}],"curies":[{"name":"wp","href":"https:\/\/api.w.org\/{rel}","templated":true}]}}