{"id":6927,"date":"2014-04-16T13:13:49","date_gmt":"2014-04-16T18:13:49","guid":{"rendered":"https:\/\/radiowebmx.com\/nota\/?p=6927"},"modified":"2014-05-12T13:19:09","modified_gmt":"2014-05-12T18:19:09","slug":"el-director-general-del-poliforum-digital-morelia-horacio-erick-aviles-martinez-rindio-en-sesion-ordinaria-un-informe-de-actividades-ante-la-junta-de-gobierno-del-centro-municipal","status":"publish","type":"post","link":"https:\/\/radiowebmx.com\/nota\/el-director-general-del-poliforum-digital-morelia-horacio-erick-aviles-martinez-rindio-en-sesion-ordinaria-un-informe-de-actividades-ante-la-junta-de-gobierno-del-centro-municipal\/","title":{"rendered":"El director general del Poliforum Digital Morelia, Horacio Erick Avil\u00e9s Mart\u00ednez, rindi\u00f3 en Sesi\u00f3n Ordinaria un informe de actividades ante la Junta de Gobierno del Centro Municipal."},"content":{"rendered":"<p><a href=\"https:\/\/radiowebmx.com\/nota\/wp-content\/uploads\/2014\/05\/poliforum-2.jpg\"><img loading=\"lazy\" decoding=\"async\" class=\"alignleft size-full wp-image-6928\" alt=\"poliforum 2\" src=\"https:\/\/radiowebmx.com\/nota\/wp-content\/uploads\/2014\/05\/poliforum-2.jpg\" width=\"591\" height=\"269\" \/><\/a>El director general del Poliforum Digital Morelia, Horacio Erick Avil\u00e9s Mart\u00ednez, rindi\u00f3 en Sesi\u00f3n Ordinaria un informe de actividades ante la Junta de Gobierno del Centro Municipal.<\/p>\n<p>Con ello, present\u00f3 el estado financiero del \u00faltimo cuatrimestre de 2013, al igual que\u00a0el Programa de Trabajo para este a\u00f1o conforme al Presupuesto de Egresos 2014, adem\u00e1s del organigrama y la plantilla de personal.<\/p>\n<p>Durante la reuni\u00f3n, que se realiz\u00f3 en la Sala de Juntas de la dependencia, se determin\u00f3 que el pr\u00f3ximo 22 de abril se efectuar\u00e1 la Primera Sesi\u00f3n Extraordinaria del Centro Municipal Poliforum Digital Morelia.<\/p>\n","protected":false},"excerpt":{"rendered":"<p>El director general del Poliforum Digital Morelia, Horacio Erick Avil\u00e9s Mart\u00ednez, rindi\u00f3 en Sesi\u00f3n Ordinaria un informe de actividades ante la Junta de Gobierno del Centro Municipal. Con ello, present\u00f3 el estado financiero del \u00faltimo cuatrimestre de 2013, al igual que\u00a0el Programa de Trabajo para este a\u00f1o conforme al Presupuesto de Egresos 2014, adem\u00e1s del [&hellip;]<\/p>\n","protected":false},"author":1,"featured_media":0,"comment_status":"open","ping_status":"open","sticky":false,"template":"","format":"standard","meta":{"footnotes":""},"categories":[14,9],"tags":[],"class_list":["post-6927","post","type-post","status-publish","format-standard","hentry","category-destacadas","category-morelia"],"_links":{"self":[{"href":"https:\/\/radiowebmx.com\/nota\/wp-json\/wp\/v2\/posts\/6927","targetHints":{"allow":["GET"]}}],"collection":[{"href":"https:\/\/radiowebmx.com\/nota\/wp-json\/wp\/v2\/posts"}],"about":[{"href":"https:\/\/radiowebmx.com\/nota\/wp-json\/wp\/v2\/types\/post"}],"author":[{"embeddable":true,"href":"https:\/\/radiowebmx.com\/nota\/wp-json\/wp\/v2\/users\/1"}],"replies":[{"embeddable":true,"href":"https:\/\/radiowebmx.com\/nota\/wp-json\/wp\/v2\/comments?post=6927"}],"version-history":[{"count":3,"href":"https:\/\/radiowebmx.com\/nota\/wp-json\/wp\/v2\/posts\/6927\/revisions"}],"predecessor-version":[{"id":6931,"href":"https:\/\/radiowebmx.com\/nota\/wp-json\/wp\/v2\/posts\/6927\/revisions\/6931"}],"wp:attachment":[{"href":"https:\/\/radiowebmx.com\/nota\/wp-json\/wp\/v2\/media?parent=6927"}],"wp:term":[{"taxonomy":"category","embeddable":true,"href":"https:\/\/radiowebmx.com\/nota\/wp-json\/wp\/v2\/categories?post=6927"},{"taxonomy":"post_tag","embeddable":true,"href":"https:\/\/radiowebmx.com\/nota\/wp-json\/wp\/v2\/tags?post=6927"}],"curies":[{"name":"wp","href":"https:\/\/api.w.org\/{rel}","templated":true}]}}